{"id":246340,"date":"2026-02-23T16:34:53","date_gmt":"2026-02-23T23:34:53","guid":{"rendered":"https:\/\/rnoticias.com.mx\/Portal\/?p=246340"},"modified":"2026-02-23T16:34:53","modified_gmt":"2026-02-23T23:34:53","slug":"cfe-anuncia-cortes-programados-de-luz-este-martes-en-el-poniente-de-hermosillo","status":"publish","type":"post","link":"https:\/\/rnoticias.com.mx\/Portal\/2026\/02\/23\/cfe-anuncia-cortes-programados-de-luz-este-martes-en-el-poniente-de-hermosillo\/","title":{"rendered":"CFE anuncia cortes programados de luz este martes en el poniente de Hermosillo"},"content":{"rendered":"<p>Hermosillo, Sonora. Con el objetivo de fortalecer la continuidad y confiabilidad del servicio el\u00e9ctrico, la Comisi\u00f3n Federal de Electricidad inform\u00f3 que el martes 24 de febrero suspender\u00e1 temporalmente el suministro en tres colonias del poniente de Hermosillo, debido a trabajos de mantenimiento y mejora en la infraestructura.<\/p>\n<p>&nbsp;<\/p>\n<p>De acuerdo con la paraestatal, estas labores forman parte de su estrategia permanente de modernizaci\u00f3n del sistema el\u00e9ctrico y requieren la interrupci\u00f3n del servicio para proteger la integridad de las cuadrillas y de la poblaci\u00f3n.<\/p>\n<p>&nbsp;<\/p>\n<p>La suspensi\u00f3n principal ser\u00e1 en el fraccionamiento La Coru\u00f1a, de 08:30 a 14:30 horas. En Basalto y Bonaterra el corte ser\u00e1 de 08:30 a 09:30 horas.<\/p>\n","protected":false},"excerpt":{"rendered":"<p>Hermosillo, Sonora. Con el objetivo de fortalecer la continuidad y confiabilidad del servicio el\u00e9ctrico, la Comisi\u00f3n Federal de Electricidad inform\u00f3 que el martes 24 de febrero suspender\u00e1 temporalmente el suministro en tres colonias del poniente de Hermosillo, debido a trabajos de mantenimiento y mejora en la infraestructura. &nbsp; De acuerdo con la paraestatal, estas labores [&hellip;]<\/p>\n","protected":false},"author":2,"featured_media":246341,"comment_status":"closed","ping_status":"closed","sticky":false,"template":"","format":"standard","meta":{"footnotes":""},"categories":[12870,178],"tags":[12865,12869],"class_list":["post-246340","post","type-post","status-publish","format-standard","has-post-thumbnail","hentry","category-destacadas","category-local","tag-destacadas","tag-local"],"jetpack_featured_media_url":"https:\/\/rnoticias.com.mx\/Portal\/wp-content\/uploads\/2026\/02\/suspendera-cfe-electricidad-en-colonias-de-monterrey-y-guadalupe-en-que-fecha-sera-f86a964d-focus-0-0-1479-828.webp","amp_enabled":true,"_links":{"self":[{"href":"https:\/\/rnoticias.com.mx\/Portal\/wp-json\/wp\/v2\/posts\/246340","targetHints":{"allow":["GET"]}}],"collection":[{"href":"https:\/\/rnoticias.com.mx\/Portal\/wp-json\/wp\/v2\/posts"}],"about":[{"href":"https:\/\/rnoticias.com.mx\/Portal\/wp-json\/wp\/v2\/types\/post"}],"author":[{"embeddable":true,"href":"https:\/\/rnoticias.com.mx\/Portal\/wp-json\/wp\/v2\/users\/2"}],"replies":[{"embeddable":true,"href":"https:\/\/rnoticias.com.mx\/Portal\/wp-json\/wp\/v2\/comments?post=246340"}],"version-history":[{"count":1,"href":"https:\/\/rnoticias.com.mx\/Portal\/wp-json\/wp\/v2\/posts\/246340\/revisions"}],"predecessor-version":[{"id":246342,"href":"https:\/\/rnoticias.com.mx\/Portal\/wp-json\/wp\/v2\/posts\/246340\/revisions\/246342"}],"wp:featuredmedia":[{"embeddable":true,"href":"https:\/\/rnoticias.com.mx\/Portal\/wp-json\/wp\/v2\/media\/246341"}],"wp:attachment":[{"href":"https:\/\/rnoticias.com.mx\/Portal\/wp-json\/wp\/v2\/media?parent=246340"}],"wp:term":[{"taxonomy":"category","embeddable":true,"href":"https:\/\/rnoticias.com.mx\/Portal\/wp-json\/wp\/v2\/categories?post=246340"},{"taxonomy":"post_tag","embeddable":true,"href":"https:\/\/rnoticias.com.mx\/Portal\/wp-json\/wp\/v2\/tags?post=246340"}],"curies":[{"name":"wp","href":"https:\/\/api.w.org\/{rel}","templated":true}]}}