{"id":246328,"date":"2026-02-23T16:25:23","date_gmt":"2026-02-23T23:25:23","guid":{"rendered":"https:\/\/rnoticias.com.mx\/Portal\/?p=246328"},"modified":"2026-02-23T16:25:23","modified_gmt":"2026-02-23T23:25:23","slug":"hermosillo-sin-incidentes-tras-muerte-del-mencho-alcalde","status":"publish","type":"post","link":"https:\/\/rnoticias.com.mx\/Portal\/2026\/02\/23\/hermosillo-sin-incidentes-tras-muerte-del-mencho-alcalde\/","title":{"rendered":"Hermosillo sin incidentes tras muerte del Mencho: Alcalde"},"content":{"rendered":"<p>El alcalde de Hermosillo, Antonio Astiazar\u00e1n, inform\u00f3 que la ciudad se mantuvo en calma y sin incidentes durante el domingo, luego de los hechos violentos ocurridos en otras regiones del pa\u00eds vinculados con la presunta muerte de \u201cEl Mencho\u201d.<\/p>\n<p>&nbsp;<\/p>\n<p>El presidente municipal se\u00f1al\u00f3 que las corporaciones de seguridad mantuvieron vigilancia preventiva en distintos puntos de la ciudad y coordinaci\u00f3n permanente con autoridades estatales y federales, lo que permiti\u00f3 que no se registraran situaciones de riesgo para la poblaci\u00f3n.<\/p>\n<p>&nbsp;<\/p>\n<p>\u201cLo que nosotros hicimos fue tomar precauciones, providencias, b\u00e1sicamente\u00a0para estar en estado de atenci\u00f3n ante cualquier situaci\u00f3n que se presentara. No tenemos registro\u00a0de ning\u00fan incidente de inseguridad que se haya presentado\u201d, afirm\u00f3.<\/p>\n<p>&nbsp;<\/p>\n<p>Astiazar\u00e1n destac\u00f3 que la prioridad fue garantizar tranquilidad a las familias hermosillenses y reiter\u00f3 que el municipio continuar\u00e1 atento ante cualquier situaci\u00f3n que pudiera alterar el orden p\u00fablico.<\/p>\n<p>&nbsp;<\/p>\n<p>&nbsp;<\/p>\n","protected":false},"excerpt":{"rendered":"<p>El alcalde de Hermosillo, Antonio Astiazar\u00e1n, inform\u00f3 que la ciudad se mantuvo en calma y sin incidentes durante el domingo, luego de los hechos violentos ocurridos en otras regiones del pa\u00eds vinculados con la presunta muerte de \u201cEl Mencho\u201d. &nbsp; El presidente municipal se\u00f1al\u00f3 que las corporaciones de seguridad mantuvieron vigilancia preventiva en distintos puntos [&hellip;]<\/p>\n","protected":false},"author":2,"featured_media":246329,"comment_status":"closed","ping_status":"closed","sticky":false,"template":"","format":"standard","meta":{"footnotes":""},"categories":[12870,178],"tags":[12865,12869],"class_list":["post-246328","post","type-post","status-publish","format-standard","has-post-thumbnail","hentry","category-destacadas","category-local","tag-destacadas","tag-local"],"jetpack_featured_media_url":"https:\/\/rnoticias.com.mx\/Portal\/wp-content\/uploads\/2026\/02\/tono.seguridad.hillo_.jpg","amp_enabled":true,"_links":{"self":[{"href":"https:\/\/rnoticias.com.mx\/Portal\/wp-json\/wp\/v2\/posts\/246328","targetHints":{"allow":["GET"]}}],"collection":[{"href":"https:\/\/rnoticias.com.mx\/Portal\/wp-json\/wp\/v2\/posts"}],"about":[{"href":"https:\/\/rnoticias.com.mx\/Portal\/wp-json\/wp\/v2\/types\/post"}],"author":[{"embeddable":true,"href":"https:\/\/rnoticias.com.mx\/Portal\/wp-json\/wp\/v2\/users\/2"}],"replies":[{"embeddable":true,"href":"https:\/\/rnoticias.com.mx\/Portal\/wp-json\/wp\/v2\/comments?post=246328"}],"version-history":[{"count":1,"href":"https:\/\/rnoticias.com.mx\/Portal\/wp-json\/wp\/v2\/posts\/246328\/revisions"}],"predecessor-version":[{"id":246330,"href":"https:\/\/rnoticias.com.mx\/Portal\/wp-json\/wp\/v2\/posts\/246328\/revisions\/246330"}],"wp:featuredmedia":[{"embeddable":true,"href":"https:\/\/rnoticias.com.mx\/Portal\/wp-json\/wp\/v2\/media\/246329"}],"wp:attachment":[{"href":"https:\/\/rnoticias.com.mx\/Portal\/wp-json\/wp\/v2\/media?parent=246328"}],"wp:term":[{"taxonomy":"category","embeddable":true,"href":"https:\/\/rnoticias.com.mx\/Portal\/wp-json\/wp\/v2\/categories?post=246328"},{"taxonomy":"post_tag","embeddable":true,"href":"https:\/\/rnoticias.com.mx\/Portal\/wp-json\/wp\/v2\/tags?post=246328"}],"curies":[{"name":"wp","href":"https:\/\/api.w.org\/{rel}","templated":true}]}}