{"id":246295,"date":"2026-02-23T10:59:46","date_gmt":"2026-02-23T17:59:46","guid":{"rendered":"https:\/\/rnoticias.com.mx\/Portal\/?p=246295"},"modified":"2026-02-23T10:59:46","modified_gmt":"2026-02-23T17:59:46","slug":"25-militares-fallecieron-tras-operativo-contra-el-mencho-omar-garcia-harfuch","status":"publish","type":"post","link":"https:\/\/rnoticias.com.mx\/Portal\/2026\/02\/23\/25-militares-fallecieron-tras-operativo-contra-el-mencho-omar-garcia-harfuch\/","title":{"rendered":"25 militares fallecieron tras operativo contra &#8216;El Mencho&#8217;: Omar Garc\u00eda Harfuch"},"content":{"rendered":"<p>El\u00a0<strong>secretario de Seguridad y Protecci\u00f3n Ciudadana, Omar Garc\u00eda Harfuch<\/strong>, inform\u00f3 este lunes que 25 miembros de la\u00a0<strong>Guardia Nacional\u00a0<\/strong>perdieron la vida el domingo en los\u00a0<strong>enfrentamientos violentos<\/strong>\u00a0que sacudieron varios estados del pa\u00eds tras la muerte de\u00a0<strong>Nemesio Oseguera Cervantes<\/strong>, alias &#8216;el Mencho&#8217;, l\u00edder del cartel Jalisco Nueva Generaci\u00f3n (CJNG), tras un\u00a0<strong>operativo federal<\/strong>.<\/p>\n<p>El funcionario explic\u00f3 que unos\u00a0<strong>70 integrantes del crimen organizado fueron detenidos<\/strong>\u00a0por los\u00a0<strong>bloqueos en carreteras<\/strong>\u00a0en siete estados como\u00a0<strong>Jalisco<\/strong>\u00a0y\u00a0Michoac\u00e1n, a la vez que lament\u00f3 que se produjeron &#8220;cobardes ataques&#8221; que causaron la muerte de &#8220;25 militares&#8221;. Asimismo,\u00a0<strong>30 integrantes del CJNG perdieron la vida<\/strong>\u00a0en los enfrentamientos, a\u00f1adi\u00f3 Harfuch.<\/p>\n<p>Seg\u00fan subray\u00f3 el secretario de Seguridad, en varias estados se produjeron &#8220;reacciones violentas&#8221; del crimen organizado como\u00a0<strong>bloqueos, quemas de veh\u00edculos o ataques a gasolineras, as\u00ed como ataques contra las autoridades<\/strong>.<\/p>\n<p>En total\u00a0<strong>se registraron 27 agresiones contra las fuerzas de seguridad<\/strong>, de las cuales seis se produjeron en Jalisco, donde fallecieron 25 militares, un custodio y un miembro de la\u00a0<strong>Fiscal\u00eda estatal<\/strong>. Adem\u00e1s, en\u00a0<strong>Michoac\u00e1n<\/strong>, entidad vecina a Jalisco, hubo 15 ataques armados en los que fueron heridos 15 efectivos de las corporaciones estatales y locales.<\/p>\n<p>Garc\u00eda Harfuch detall\u00f3 que la mayor\u00eda de los bloqueos fueron &#8220;retirados&#8221; y que, por el momento, no hay &#8220;novedad&#8221; de nuevos bloqueos en el d\u00eda de hoy.<\/p>\n<p>&nbsp;<\/p>\n","protected":false},"excerpt":{"rendered":"<p>El\u00a0secretario de Seguridad y Protecci\u00f3n Ciudadana, Omar Garc\u00eda Harfuch, inform\u00f3 este lunes que 25 miembros de la\u00a0Guardia Nacional\u00a0perdieron la vida el domingo en los\u00a0enfrentamientos violentos\u00a0que sacudieron varios estados del pa\u00eds tras la muerte de\u00a0Nemesio Oseguera Cervantes, alias &#8216;el Mencho&#8217;, l\u00edder del cartel Jalisco Nueva Generaci\u00f3n (CJNG), tras un\u00a0operativo federal. El funcionario explic\u00f3 que unos\u00a070 integrantes [&hellip;]<\/p>\n","protected":false},"author":2,"featured_media":246296,"comment_status":"closed","ping_status":"closed","sticky":false,"template":"","format":"standard","meta":{"footnotes":""},"categories":[12870,172],"tags":[12865,12874],"class_list":["post-246295","post","type-post","status-publish","format-standard","has-post-thumbnail","hentry","category-destacadas","category-nacional","tag-destacadas","tag-nacional"],"jetpack_featured_media_url":"https:\/\/rnoticias.com.mx\/Portal\/wp-content\/uploads\/2026\/02\/ZXIEODCYOVCGPL657BHTPIPTBE.jpg","amp_enabled":true,"_links":{"self":[{"href":"https:\/\/rnoticias.com.mx\/Portal\/wp-json\/wp\/v2\/posts\/246295","targetHints":{"allow":["GET"]}}],"collection":[{"href":"https:\/\/rnoticias.com.mx\/Portal\/wp-json\/wp\/v2\/posts"}],"about":[{"href":"https:\/\/rnoticias.com.mx\/Portal\/wp-json\/wp\/v2\/types\/post"}],"author":[{"embeddable":true,"href":"https:\/\/rnoticias.com.mx\/Portal\/wp-json\/wp\/v2\/users\/2"}],"replies":[{"embeddable":true,"href":"https:\/\/rnoticias.com.mx\/Portal\/wp-json\/wp\/v2\/comments?post=246295"}],"version-history":[{"count":1,"href":"https:\/\/rnoticias.com.mx\/Portal\/wp-json\/wp\/v2\/posts\/246295\/revisions"}],"predecessor-version":[{"id":246297,"href":"https:\/\/rnoticias.com.mx\/Portal\/wp-json\/wp\/v2\/posts\/246295\/revisions\/246297"}],"wp:featuredmedia":[{"embeddable":true,"href":"https:\/\/rnoticias.com.mx\/Portal\/wp-json\/wp\/v2\/media\/246296"}],"wp:attachment":[{"href":"https:\/\/rnoticias.com.mx\/Portal\/wp-json\/wp\/v2\/media?parent=246295"}],"wp:term":[{"taxonomy":"category","embeddable":true,"href":"https:\/\/rnoticias.com.mx\/Portal\/wp-json\/wp\/v2\/categories?post=246295"},{"taxonomy":"post_tag","embeddable":true,"href":"https:\/\/rnoticias.com.mx\/Portal\/wp-json\/wp\/v2\/tags?post=246295"}],"curies":[{"name":"wp","href":"https:\/\/api.w.org\/{rel}","templated":true}]}}