{"id":246292,"date":"2026-02-23T10:58:30","date_gmt":"2026-02-23T17:58:30","guid":{"rendered":"https:\/\/rnoticias.com.mx\/Portal\/?p=246292"},"modified":"2026-02-23T10:58:30","modified_gmt":"2026-02-23T17:58:30","slug":"fgr-confirmo-identidad-de-el-mencho-su-cuerpo-sigue-en-custodia-garcia-harfuch","status":"publish","type":"post","link":"https:\/\/rnoticias.com.mx\/Portal\/2026\/02\/23\/fgr-confirmo-identidad-de-el-mencho-su-cuerpo-sigue-en-custodia-garcia-harfuch\/","title":{"rendered":"FGR confirm\u00f3 identidad de \u2018El Mencho&#8217;; su cuerpo sigue en custodia: Garc\u00eda Harfuch"},"content":{"rendered":"<p>El secretario de\u00a0<strong>Seguridad y Protecci\u00f3n Ciudadana<\/strong>, Omar Garc\u00eda Harfuch, infrom\u00f3 este lunes que la\u00a0<strong>Fiscal\u00eda General de la Rep\u00fablica<\/strong>\u00a0(FGR) confirm\u00f3 oficialmente la identidad del cuerpo de\u00a0<strong>Nemesio Oseguera Cervantes<\/strong>, alias El Mencho, quien fue abatido en un operativo federal en\u00a0<strong>Jalisco<\/strong>.<\/p>\n<p>Los restos del capo\u00a0contin\u00faan en las instalaciones de la\u00a0<strong>FEMDO<\/strong>, lugar en el que se mantiene activo el\u00a0<strong>operativo de seguridad<\/strong>\u00a0por parte de elementos de\u00a0<strong>Guardia Nacional<\/strong>\u00a0que esguardan el per\u00edmetro.<\/p>\n<p>Adem\u00e1s, seg\u00fan Harfuch, fueron identificados\u00a0los otros presuntos integrantes de la delincuencia organizada que fueron abatidos durante el enfrentamiento<strong>.<\/strong>\u00a0El funcionario se\u00f1al\u00f3 que se trata de\u00a0<strong>integrantes\u00a0del c\u00edrculo de seguridad\u00a0<\/strong>del l\u00edder criminal, y que uno de ellos ocupaba un<strong>\u00a0cargo de\u00a0mando dentro de la estructura\u00a0criminal<\/strong>.<\/p>\n<p>Garc\u00eda Harfuch detall\u00f3 que la mayor\u00eda de los bloqueos ocurrido ayer domingo fueron &#8220;retirados&#8221; y que, por el momento, no hay &#8220;novedad&#8221; de nuevos\u00a0<strong>bloqueos carreteros\u00a0<\/strong>en el d\u00eda de hoy.<\/p>\n<p>&#8220;Las vialidades principales fueron liberadas y los puntos que permanec\u00edan con afectaciones se encuentran bajo control operativo y en su liberaci\u00f3n total. Se registraron 85 bloqueos en carreteras federales de\u00a0<strong>Baja California, Estado de M\u00e9xico, Michoac\u00e1n, Guanajuato, Guerrero, Jalisco, Oaxaca, Sinaloa, Tamaulipas, Veracruz y Zacatecas<\/strong>&#8220;, se\u00f1al\u00f3 el titular de Seguridad.<\/p>\n<p>Estos sucesos fueron atendidos por efectivos de las fuerzas de seguridad en cooperaci\u00f3n con las autoridades locales, con el objetivo de &#8220;contener las acciones de los grupos criminales, proteger a la ciudadan\u00eda, liberar vialidades y restablecer la movilidad&#8221;, agreg\u00f3 el funcionario.<\/p>\n","protected":false},"excerpt":{"rendered":"<p>El secretario de\u00a0Seguridad y Protecci\u00f3n Ciudadana, Omar Garc\u00eda Harfuch, infrom\u00f3 este lunes que la\u00a0Fiscal\u00eda General de la Rep\u00fablica\u00a0(FGR) confirm\u00f3 oficialmente la identidad del cuerpo de\u00a0Nemesio Oseguera Cervantes, alias El Mencho, quien fue abatido en un operativo federal en\u00a0Jalisco. Los restos del capo\u00a0contin\u00faan en las instalaciones de la\u00a0FEMDO, lugar en el que se mantiene activo el\u00a0operativo [&hellip;]<\/p>\n","protected":false},"author":2,"featured_media":246293,"comment_status":"closed","ping_status":"closed","sticky":false,"template":"","format":"standard","meta":{"footnotes":""},"categories":[12870,172],"tags":[12865,12874],"class_list":["post-246292","post","type-post","status-publish","format-standard","has-post-thumbnail","hentry","category-destacadas","category-nacional","tag-destacadas","tag-nacional"],"jetpack_featured_media_url":"https:\/\/rnoticias.com.mx\/Portal\/wp-content\/uploads\/2026\/02\/f850x638-1250009_1327498_5050.jpg","amp_enabled":true,"_links":{"self":[{"href":"https:\/\/rnoticias.com.mx\/Portal\/wp-json\/wp\/v2\/posts\/246292","targetHints":{"allow":["GET"]}}],"collection":[{"href":"https:\/\/rnoticias.com.mx\/Portal\/wp-json\/wp\/v2\/posts"}],"about":[{"href":"https:\/\/rnoticias.com.mx\/Portal\/wp-json\/wp\/v2\/types\/post"}],"author":[{"embeddable":true,"href":"https:\/\/rnoticias.com.mx\/Portal\/wp-json\/wp\/v2\/users\/2"}],"replies":[{"embeddable":true,"href":"https:\/\/rnoticias.com.mx\/Portal\/wp-json\/wp\/v2\/comments?post=246292"}],"version-history":[{"count":1,"href":"https:\/\/rnoticias.com.mx\/Portal\/wp-json\/wp\/v2\/posts\/246292\/revisions"}],"predecessor-version":[{"id":246294,"href":"https:\/\/rnoticias.com.mx\/Portal\/wp-json\/wp\/v2\/posts\/246292\/revisions\/246294"}],"wp:featuredmedia":[{"embeddable":true,"href":"https:\/\/rnoticias.com.mx\/Portal\/wp-json\/wp\/v2\/media\/246293"}],"wp:attachment":[{"href":"https:\/\/rnoticias.com.mx\/Portal\/wp-json\/wp\/v2\/media?parent=246292"}],"wp:term":[{"taxonomy":"category","embeddable":true,"href":"https:\/\/rnoticias.com.mx\/Portal\/wp-json\/wp\/v2\/categories?post=246292"},{"taxonomy":"post_tag","embeddable":true,"href":"https:\/\/rnoticias.com.mx\/Portal\/wp-json\/wp\/v2\/tags?post=246292"}],"curies":[{"name":"wp","href":"https:\/\/api.w.org\/{rel}","templated":true}]}}