{"id":246289,"date":"2026-02-23T09:57:02","date_gmt":"2026-02-23T16:57:02","guid":{"rendered":"https:\/\/rnoticias.com.mx\/Portal\/?p=246289"},"modified":"2026-02-23T09:57:02","modified_gmt":"2026-02-23T16:57:02","slug":"mexico-amanecio-sin-bloqueos-sheinbaum-tras-violencia-por-muerte-de-el-mencho","status":"publish","type":"post","link":"https:\/\/rnoticias.com.mx\/Portal\/2026\/02\/23\/mexico-amanecio-sin-bloqueos-sheinbaum-tras-violencia-por-muerte-de-el-mencho\/","title":{"rendered":"&#8220;M\u00e9xico amaneci\u00f3 sin bloqueos&#8221;: Sheinbaum tras violencia por muerte de El Mencho"},"content":{"rendered":"<p>La presidenta\u00a0<strong>Claudia Sheinbaum<\/strong>\u00a0asegur\u00f3 este lunes que ya no se tiene\u00a0<strong>registro de bloqueos carreteros<\/strong>\u00a0en distintos puntos de al menos\u00a0<strong>20 estados del pa\u00eds<\/strong>\u00a0que\u00a0<strong>presuntos criminales<\/strong>\u00a0hab\u00edan realizado\u00a0luego de la muerte en un\u00a0<strong>operativo militar de Nemesio Oseguera Cervantes<\/strong>, alias &#8216;<strong>El Mencho<\/strong>&#8216;, l\u00edder del Cartel Jalisco Nueva Generaci\u00f3n (CJNG).<\/p>\n<p>La reacci\u00f3n de Sheinbaum ocurre luego de la\u00a0<strong>violencia\u00a0<\/strong>de ayer con\u00a0<strong>bloqueos, quema de veh\u00edculos y enfrentamientos armados<\/strong>, lo que oblig\u00f3 a activar un esquema extraordinario de seguridad con participaci\u00f3n de las\u00a0<strong>Fuerzas Armadas, la Guardia Nacional y autoridades estatales<\/strong>, particularmente en Jalisco y estados aleda\u00f1as.<\/p>\n<p>Los hechos violentos llevaron tambi\u00e9n a cancelar vuelos, especialmente en Jalisco, adem\u00e1s de que en al menos 16 estados se reportaron bloqueos y disturbios, incluyendo en\u00a0<strong>Puebla, Quer\u00e9taro, Estado de M\u00e9xico, Veracruz, Oaxaca y Chiapas.<\/strong><br \/>\nLa mandataria explic\u00f3 que, tras el operativo realizado el domingo, el Gobierno federal instal\u00f3 un\u00a0<strong>centro de mando nacional\u00a0<\/strong>para coordinar acciones de seguridad con autoridades estatales.<\/p>\n<p>&#8220;Es importante que sepan que se mantiene de todas maneras el d\u00eda de hoy un centro de mando, una\u00a0<strong>coordinaci\u00f3n nacional<\/strong>\u00a0en donde est\u00e1 el secretario, est\u00e1n los tres secretarios, sus equipos, la\u00a0<strong>Secretar\u00eda de Gobernaci\u00f3n<\/strong>\u00a0para estar en coordinaci\u00f3n con todos los gobiernos de los estados&#8221;, indic\u00f3.<\/p>\n<p>Sheinbaum detall\u00f3 que dicho centro fue activado inmediatamente despu\u00e9s de los hechos violentos y agradeci\u00f3 la colaboraci\u00f3n de los gobiernos estatales &#8220;todos estuvieron en coordinaci\u00f3n con mucha informaci\u00f3n&#8221;. La presidenta tambi\u00e9n hizo un reconocimiento a las\u00a0<strong>Fuerzas Armadas\u00a0<\/strong>por su actuaci\u00f3n.<\/p>\n","protected":false},"excerpt":{"rendered":"<p>La presidenta\u00a0Claudia Sheinbaum\u00a0asegur\u00f3 este lunes que ya no se tiene\u00a0registro de bloqueos carreteros\u00a0en distintos puntos de al menos\u00a020 estados del pa\u00eds\u00a0que\u00a0presuntos criminales\u00a0hab\u00edan realizado\u00a0luego de la muerte en un\u00a0operativo militar de Nemesio Oseguera Cervantes, alias &#8216;El Mencho&#8216;, l\u00edder del Cartel Jalisco Nueva Generaci\u00f3n (CJNG). La reacci\u00f3n de Sheinbaum ocurre luego de la\u00a0violencia\u00a0de ayer con\u00a0bloqueos, quema de [&hellip;]<\/p>\n","protected":false},"author":2,"featured_media":246290,"comment_status":"closed","ping_status":"closed","sticky":false,"template":"","format":"standard","meta":{"footnotes":""},"categories":[12870,172],"tags":[12865,12874],"class_list":["post-246289","post","type-post","status-publish","format-standard","has-post-thumbnail","hentry","category-destacadas","category-nacional","tag-destacadas","tag-nacional"],"jetpack_featured_media_url":"https:\/\/rnoticias.com.mx\/Portal\/wp-content\/uploads\/2026\/02\/2026-02-23-Conferencia-de-prensa-matutina-Palacio-Nacional-01-GM.jpg","amp_enabled":true,"_links":{"self":[{"href":"https:\/\/rnoticias.com.mx\/Portal\/wp-json\/wp\/v2\/posts\/246289","targetHints":{"allow":["GET"]}}],"collection":[{"href":"https:\/\/rnoticias.com.mx\/Portal\/wp-json\/wp\/v2\/posts"}],"about":[{"href":"https:\/\/rnoticias.com.mx\/Portal\/wp-json\/wp\/v2\/types\/post"}],"author":[{"embeddable":true,"href":"https:\/\/rnoticias.com.mx\/Portal\/wp-json\/wp\/v2\/users\/2"}],"replies":[{"embeddable":true,"href":"https:\/\/rnoticias.com.mx\/Portal\/wp-json\/wp\/v2\/comments?post=246289"}],"version-history":[{"count":1,"href":"https:\/\/rnoticias.com.mx\/Portal\/wp-json\/wp\/v2\/posts\/246289\/revisions"}],"predecessor-version":[{"id":246291,"href":"https:\/\/rnoticias.com.mx\/Portal\/wp-json\/wp\/v2\/posts\/246289\/revisions\/246291"}],"wp:featuredmedia":[{"embeddable":true,"href":"https:\/\/rnoticias.com.mx\/Portal\/wp-json\/wp\/v2\/media\/246290"}],"wp:attachment":[{"href":"https:\/\/rnoticias.com.mx\/Portal\/wp-json\/wp\/v2\/media?parent=246289"}],"wp:term":[{"taxonomy":"category","embeddable":true,"href":"https:\/\/rnoticias.com.mx\/Portal\/wp-json\/wp\/v2\/categories?post=246289"},{"taxonomy":"post_tag","embeddable":true,"href":"https:\/\/rnoticias.com.mx\/Portal\/wp-json\/wp\/v2\/tags?post=246289"}],"curies":[{"name":"wp","href":"https:\/\/api.w.org\/{rel}","templated":true}]}}