{"id":246162,"date":"2026-02-21T13:09:56","date_gmt":"2026-02-21T20:09:56","guid":{"rendered":"https:\/\/rnoticias.com.mx\/Portal\/?p=246162"},"modified":"2026-02-21T13:09:56","modified_gmt":"2026-02-21T20:09:56","slug":"gobierno-de-sonora-impulsa-talento-audiovisual-con-rally-de-cine-isj","status":"publish","type":"post","link":"https:\/\/rnoticias.com.mx\/Portal\/2026\/02\/21\/gobierno-de-sonora-impulsa-talento-audiovisual-con-rally-de-cine-isj\/","title":{"rendered":"Gobierno de Sonora impulsa talento audiovisual con Rally de Cine: ISJ"},"content":{"rendered":"<p align=\"left\">Hermosillo, Sonora; 21 de febrero del 2026.- El Gobierno de Sonora, a trav\u00e9s del Instituto Sonorense de la Juventud (ISJ), y en colaboraci\u00f3n con la colectiva f\u00edlmica Morritas Films, dio este 19 de febrero el banderazo oficial al rally de cortometraje Hecho en Sonora \u201c1 semana, 1 cortometraje\u201d, revelando los elementos sorpresa que deber\u00e1n integrar las y los participantes en sus producciones.<\/p>\n<p align=\"left\">El tema asignado para esta primera edici\u00f3n es \u201cLo que heredamos\u201d, mientras que la frase obligatoria ser\u00e1 \u201cElla me lo ense\u00f1\u00f3\u201d, la cual podr\u00e1 ser hablada, escrita o cantada dentro del cortometraje.<\/p>\n<p align=\"left\">Rebeca Valenzuela \u00c1lvarez, titular del ISJ, explic\u00f3 que a partir de este anuncio, los equipos cuentan con siete d\u00edas naturales para escribir, filmar, editar y entregar una obra original con duraci\u00f3n m\u00ednima de un minuto y m\u00e1xima de cinco minutos.<\/p>\n<p align=\"left\">La convocatoria del rally inici\u00f3 desde el 19 de febrero con las inscripciones que cerraron el pasado 13 de febrero. Se registraron 36 equipos en las categor\u00edas de 15 a 29 a\u00f1os y de 30 a\u00f1os en adelante.<\/p>\n<p align=\"left\">\u201cEste rally se consolida como un espacio de impulso a la creaci\u00f3n audiovisual y al ejercicio de los derechos culturales de las juventudes sonorenses, adem\u00e1s que se aborda un tema muy relevante como lo es el papel de las mujeres en nuestra sociedad\u201d, coment\u00f3.<\/p>\n<p align=\"left\">Los cortometrajes ser\u00e1n evaluados por un jurado integrado por profesionales del \u00e1mbito cinematogr\u00e1fico, quienes calificar\u00e1n aspectos como direcci\u00f3n, guion, actuaciones, edici\u00f3n, integraci\u00f3n de los elementos sorpresa e impacto de la propuesta.<\/p>\n<p align=\"left\">Los trabajos finalistas ser\u00e1n exhibidos en una funci\u00f3n especial en Cin\u00e9polis, y se otorgar\u00e1 un premio de 10 mil pesos al Mejor Cortometraje de cada categor\u00eda, adem\u00e1s de estatuillas honor\u00edficas en distintas disciplinas.<\/p>\n<p align=\"left\">Con esta iniciativa, el ISJ y Morritas Films reafirman su compromiso de generar espacios que impulsen el talento creativo local, promuevan la expresi\u00f3n art\u00edstica y fortalezcan la industria audiovisual emergente en Sonora.<\/p>\n","protected":false},"excerpt":{"rendered":"<p>Hermosillo, Sonora; 21 de febrero del 2026.- El Gobierno de Sonora, a trav\u00e9s del Instituto Sonorense de la Juventud (ISJ), y en colaboraci\u00f3n con la colectiva f\u00edlmica Morritas Films, dio este 19 de febrero el banderazo oficial al rally de cortometraje Hecho en Sonora \u201c1 semana, 1 cortometraje\u201d, revelando los elementos sorpresa que deber\u00e1n integrar [&hellip;]<\/p>\n","protected":false},"author":2,"featured_media":246163,"comment_status":"closed","ping_status":"closed","sticky":false,"template":"","format":"standard","meta":{"footnotes":""},"categories":[178],"tags":[12869],"class_list":["post-246162","post","type-post","status-publish","format-standard","has-post-thumbnail","hentry","category-local","tag-local"],"jetpack_featured_media_url":"https:\/\/rnoticias.com.mx\/Portal\/wp-content\/uploads\/2026\/02\/42-2.jpg","amp_enabled":true,"_links":{"self":[{"href":"https:\/\/rnoticias.com.mx\/Portal\/wp-json\/wp\/v2\/posts\/246162","targetHints":{"allow":["GET"]}}],"collection":[{"href":"https:\/\/rnoticias.com.mx\/Portal\/wp-json\/wp\/v2\/posts"}],"about":[{"href":"https:\/\/rnoticias.com.mx\/Portal\/wp-json\/wp\/v2\/types\/post"}],"author":[{"embeddable":true,"href":"https:\/\/rnoticias.com.mx\/Portal\/wp-json\/wp\/v2\/users\/2"}],"replies":[{"embeddable":true,"href":"https:\/\/rnoticias.com.mx\/Portal\/wp-json\/wp\/v2\/comments?post=246162"}],"version-history":[{"count":1,"href":"https:\/\/rnoticias.com.mx\/Portal\/wp-json\/wp\/v2\/posts\/246162\/revisions"}],"predecessor-version":[{"id":246164,"href":"https:\/\/rnoticias.com.mx\/Portal\/wp-json\/wp\/v2\/posts\/246162\/revisions\/246164"}],"wp:featuredmedia":[{"embeddable":true,"href":"https:\/\/rnoticias.com.mx\/Portal\/wp-json\/wp\/v2\/media\/246163"}],"wp:attachment":[{"href":"https:\/\/rnoticias.com.mx\/Portal\/wp-json\/wp\/v2\/media?parent=246162"}],"wp:term":[{"taxonomy":"category","embeddable":true,"href":"https:\/\/rnoticias.com.mx\/Portal\/wp-json\/wp\/v2\/categories?post=246162"},{"taxonomy":"post_tag","embeddable":true,"href":"https:\/\/rnoticias.com.mx\/Portal\/wp-json\/wp\/v2\/tags?post=246162"}],"curies":[{"name":"wp","href":"https:\/\/api.w.org\/{rel}","templated":true}]}}