{"id":246156,"date":"2026-02-21T11:44:51","date_gmt":"2026-02-21T18:44:51","guid":{"rendered":"https:\/\/rnoticias.com.mx\/Portal\/?p=246156"},"modified":"2026-02-21T11:44:51","modified_gmt":"2026-02-21T18:44:51","slug":"van-a-certamen-nacional-estudiantes-del-departamento-de-agricultura-y-ganaderia","status":"publish","type":"post","link":"https:\/\/rnoticias.com.mx\/Portal\/2026\/02\/21\/van-a-certamen-nacional-estudiantes-del-departamento-de-agricultura-y-ganaderia\/","title":{"rendered":"Van a certamen nacional estudiantes del Departamento de Agricultura y Ganader\u00eda"},"content":{"rendered":"<p>Luego de obtener el primer lugar en la etapa estatal de la Feria Mexicana de Ciencia e Innovaci\u00f3n (FEMECI), estudiantes del programa de Ingeniero Agr\u00f3nomo de la Universidad de Sonora se preparan para participar en la fase nacional, que se llevar\u00e1 a cabo del 11 al 13 de marzo en San Carlos, Nuevo Guaymas.<\/p>\n<p>Belinda del Carmen Taraz\u00f3n Loreto y \u00c1ngel Octavio Corral Calvo desarrollaron el proyecto \u201cDe desecho a defensa, FERTIMAX\u201d bajo la asesor\u00eda del profesor Francisco Humberto Gonz\u00e1lez Guti\u00e9rrez, del Departamento de Ciencias Qu\u00edmico Biol\u00f3gicas, y lograron destacar en la categor\u00eda de Agroindustria y Alimentos.<\/p>\n<p>Corral Calvo explic\u00f3 que la iniciativa surgi\u00f3 a partir de la identificaci\u00f3n de problem\u00e1ticas propias del \u00e1rea agron\u00f3mica.<\/p>\n<p>Indic\u00f3 que analizaron el manejo de desechos bovinos y agr\u00edcolas, as\u00ed como restos vegetales no aprovechados, y a partir de ello dise\u00f1aron una mezcla para producir composta.<\/p>\n<p>Por su parte, Taraz\u00f3n Loreto explic\u00f3 que el proyecto, adem\u00e1s de atender la presencia de mosquitos, busca disminuir los \u00edndices de contaminaci\u00f3n y promover la reutilizaci\u00f3n de desechos pecuarios.<\/p>\n<p>Se\u00f1al\u00f3 que la generaci\u00f3n de metano por parte del ganado impacta el aire, el agua y el suelo, por lo que la propuesta pretende reducir esos porcentajes mediante el aprovechamiento de residuos para la elaboraci\u00f3n de abonos org\u00e1nicos en lugar de su quema.<\/p>\n<p>Detall\u00f3 que la investigaci\u00f3n se encuentra en fase de pruebas y ha mostrado resultados positivos en ensayos de germinaci\u00f3n con lentejas, al comparar tierra convencional con la composta elaborada por el equipo.<\/p>\n<p>Precis\u00f3 que tambi\u00e9n evaluaron extractos repelentes en fruta en descomposici\u00f3n, con efectos favorables en la reducci\u00f3n de insectos sin recurrir a insecticidas.<\/p>\n<p>A\u00f1adi\u00f3 que a largo plazo contemplan evaluaciones de pat\u00f3genos y toxicidad, as\u00ed como la verificaci\u00f3n de que no existan afectaciones en la composici\u00f3n de la composta ni alteraciones en los niveles de nitr\u00f3geno y f\u00f3sforo.<\/p>\n<p>Corral Calvo subray\u00f3 que el objetivo tambi\u00e9n consiste en evitar gastos adicionales y reducir el uso de qu\u00edmicos en el control de plagas como la mosquita blanca.<\/p>\n<p>Los universitarios reconocieron el respaldo de sus docentes y destacaron que el desarrollo del proyecto fue posible gracias a la formaci\u00f3n acad\u00e9mica recibida en la instituci\u00f3n.<\/p>\n<p>La etapa estatal se realiz\u00f3 en noviembre de 2025, como parte de la Expo Sonora de Ciencias, Tecnolog\u00eda y Humanidades, organizada por el Consejo Estatal de Ciencia y Tecnolog\u00eda (Coecyt), en coordinaci\u00f3n con la Secretar\u00eda de Educaci\u00f3n y Cultura (SEC), y tuvo como sede a la Universidad de Sonora.<\/p>\n","protected":false},"excerpt":{"rendered":"<p>Luego de obtener el primer lugar en la etapa estatal de la Feria Mexicana de Ciencia e Innovaci\u00f3n (FEMECI), estudiantes del programa de Ingeniero Agr\u00f3nomo de la Universidad de Sonora se preparan para participar en la fase nacional, que se llevar\u00e1 a cabo del 11 al 13 de marzo en San Carlos, Nuevo Guaymas. Belinda [&hellip;]<\/p>\n","protected":false},"author":2,"featured_media":246157,"comment_status":"closed","ping_status":"closed","sticky":false,"template":"","format":"standard","meta":{"footnotes":""},"categories":[12870,178],"tags":[12865,12869],"class_list":["post-246156","post","type-post","status-publish","format-standard","has-post-thumbnail","hentry","category-destacadas","category-local","tag-destacadas","tag-local"],"jetpack_featured_media_url":"https:\/\/rnoticias.com.mx\/Portal\/wp-content\/uploads\/2026\/02\/Van-a-certamen-nacional-estudiantes-del-DAG-1.jpg","amp_enabled":true,"_links":{"self":[{"href":"https:\/\/rnoticias.com.mx\/Portal\/wp-json\/wp\/v2\/posts\/246156","targetHints":{"allow":["GET"]}}],"collection":[{"href":"https:\/\/rnoticias.com.mx\/Portal\/wp-json\/wp\/v2\/posts"}],"about":[{"href":"https:\/\/rnoticias.com.mx\/Portal\/wp-json\/wp\/v2\/types\/post"}],"author":[{"embeddable":true,"href":"https:\/\/rnoticias.com.mx\/Portal\/wp-json\/wp\/v2\/users\/2"}],"replies":[{"embeddable":true,"href":"https:\/\/rnoticias.com.mx\/Portal\/wp-json\/wp\/v2\/comments?post=246156"}],"version-history":[{"count":1,"href":"https:\/\/rnoticias.com.mx\/Portal\/wp-json\/wp\/v2\/posts\/246156\/revisions"}],"predecessor-version":[{"id":246158,"href":"https:\/\/rnoticias.com.mx\/Portal\/wp-json\/wp\/v2\/posts\/246156\/revisions\/246158"}],"wp:featuredmedia":[{"embeddable":true,"href":"https:\/\/rnoticias.com.mx\/Portal\/wp-json\/wp\/v2\/media\/246157"}],"wp:attachment":[{"href":"https:\/\/rnoticias.com.mx\/Portal\/wp-json\/wp\/v2\/media?parent=246156"}],"wp:term":[{"taxonomy":"category","embeddable":true,"href":"https:\/\/rnoticias.com.mx\/Portal\/wp-json\/wp\/v2\/categories?post=246156"},{"taxonomy":"post_tag","embeddable":true,"href":"https:\/\/rnoticias.com.mx\/Portal\/wp-json\/wp\/v2\/tags?post=246156"}],"curies":[{"name":"wp","href":"https:\/\/api.w.org\/{rel}","templated":true}]}}