{"id":246121,"date":"2026-02-20T20:22:32","date_gmt":"2026-02-21T03:22:32","guid":{"rendered":"https:\/\/rnoticias.com.mx\/Portal\/?p=246121"},"modified":"2026-02-20T20:22:32","modified_gmt":"2026-02-21T03:22:32","slug":"invita-gobierno-de-hermosillo-a-concurso-de-fotografia-ciudad-arbol","status":"publish","type":"post","link":"https:\/\/rnoticias.com.mx\/Portal\/2026\/02\/20\/invita-gobierno-de-hermosillo-a-concurso-de-fotografia-ciudad-arbol\/","title":{"rendered":"Invita Gobierno de Hermosillo a concurso de fotograf\u00eda \u201cCiudad \u00c1rbol\u201d"},"content":{"rendered":"<div><b data-olk-copy-source=\"MessageBody\">Hermosillo, Sonora, 20 de febrero, 2026.-<\/b>\u00a0Los aficionados a la fotograf\u00eda y amantes de la naturaleza pueden participar en el Concurso Flash de Fotograf\u00eda \u201cCiudad \u00c1rbol\u201d en la que pueden capturar la belleza de las plantas nativas, inform\u00f3 Sergio Pavlovich, director de Servicios P\u00fablicos Municipales.<\/p>\n<p>Manifest\u00f3 que con motivo de la celebraci\u00f3n del D\u00eda del \u00c1rbol organizaron una serie de eventos comenzando por este concurso en el que pueden participar aficionados y profesionales de la c\u00e1mara con fecha l\u00edmite el 4 de marzo pr\u00f3ximo.<\/p>\n<p>Entre las bases del concurso est\u00e1 tomar la fotograf\u00eda de una planta nativa en Hermosillo como es el Mimbre, Palo Verde, Mezquite, entre otras; subirla a la cuenta personal p\u00fablica en la red social Instagram, seguir la cuenta @servpublicoshmo de Servicios P\u00fablicos Municipales y mencionarlos, usar los hashtag #Mesdel\u00c1rbol \u00a0y #HermosilloCRECEVerde. La persona que tenga el mayor n\u00famero de \u201clikes\u201d ser\u00e1 el ganador.<\/p>\n<p>La fotograf\u00eda debe ser original, no se permite la compra de likes, bots o cuentas falsas y debe permanecer la publicaci\u00f3n visible hasta el cierre del mes de marzo.<\/p>\n<p>La premiaci\u00f3n de los tres primeros lugares se realizar\u00e1 el 6 de marzo en el Parque Madero en el marco del D\u00eda del \u00c1rbol, en la cual el primer lugar ser\u00e1 acreedor de un kit outdoor que consiste en una bocina inal\u00e1mbrica, colch\u00f3n inflable y parrilla de gas, un boleto doble para paseo en Troleb\u00fas, gorra conmemorativa del evento y cinco plantas nativas del Vivero Municipal.<\/p>\n<p>El segundo lugar ser\u00e1 acreedor de una barra de sonido port\u00e1til, pasaporte gastron\u00f3mico San Pedro, dos boletos dobles para paseo en Troleb\u00fas, gorra conmemorativa del evento y cinco plantas nativas del Vivero Municipal y el tercer lugar una bocina inal\u00e1mbrica, pasaporte gastron\u00f3mico San Pedro, dos boletos dobles para paseo en Troleb\u00fas, gorra conmemorativa del evento y cinco plantas nativas del Vivero Municipal.<\/p><\/div>\n<p>&nbsp;<\/p>\n<p>&#8212;<\/p>\n","protected":false},"excerpt":{"rendered":"<p>Hermosillo, Sonora, 20 de febrero, 2026.-\u00a0Los aficionados a la fotograf\u00eda y amantes de la naturaleza pueden participar en el Concurso Flash de Fotograf\u00eda \u201cCiudad \u00c1rbol\u201d en la que pueden capturar la belleza de las plantas nativas, inform\u00f3 Sergio Pavlovich, director de Servicios P\u00fablicos Municipales. Manifest\u00f3 que con motivo de la celebraci\u00f3n del D\u00eda del \u00c1rbol [&hellip;]<\/p>\n","protected":false},"author":2,"featured_media":246122,"comment_status":"closed","ping_status":"closed","sticky":false,"template":"","format":"standard","meta":{"footnotes":""},"categories":[178],"tags":[12869],"class_list":["post-246121","post","type-post","status-publish","format-standard","has-post-thumbnail","hentry","category-local","tag-local"],"jetpack_featured_media_url":"https:\/\/rnoticias.com.mx\/Portal\/wp-content\/uploads\/2026\/02\/Invita-Gobierno-de-Hermosillo-a-concurso-de-fotografia-Ciudad-Arbol.jpeg","amp_enabled":true,"_links":{"self":[{"href":"https:\/\/rnoticias.com.mx\/Portal\/wp-json\/wp\/v2\/posts\/246121","targetHints":{"allow":["GET"]}}],"collection":[{"href":"https:\/\/rnoticias.com.mx\/Portal\/wp-json\/wp\/v2\/posts"}],"about":[{"href":"https:\/\/rnoticias.com.mx\/Portal\/wp-json\/wp\/v2\/types\/post"}],"author":[{"embeddable":true,"href":"https:\/\/rnoticias.com.mx\/Portal\/wp-json\/wp\/v2\/users\/2"}],"replies":[{"embeddable":true,"href":"https:\/\/rnoticias.com.mx\/Portal\/wp-json\/wp\/v2\/comments?post=246121"}],"version-history":[{"count":1,"href":"https:\/\/rnoticias.com.mx\/Portal\/wp-json\/wp\/v2\/posts\/246121\/revisions"}],"predecessor-version":[{"id":246123,"href":"https:\/\/rnoticias.com.mx\/Portal\/wp-json\/wp\/v2\/posts\/246121\/revisions\/246123"}],"wp:featuredmedia":[{"embeddable":true,"href":"https:\/\/rnoticias.com.mx\/Portal\/wp-json\/wp\/v2\/media\/246122"}],"wp:attachment":[{"href":"https:\/\/rnoticias.com.mx\/Portal\/wp-json\/wp\/v2\/media?parent=246121"}],"wp:term":[{"taxonomy":"category","embeddable":true,"href":"https:\/\/rnoticias.com.mx\/Portal\/wp-json\/wp\/v2\/categories?post=246121"},{"taxonomy":"post_tag","embeddable":true,"href":"https:\/\/rnoticias.com.mx\/Portal\/wp-json\/wp\/v2\/tags?post=246121"}],"curies":[{"name":"wp","href":"https:\/\/api.w.org\/{rel}","templated":true}]}}