{"id":246115,"date":"2026-02-20T20:17:34","date_gmt":"2026-02-21T03:17:34","guid":{"rendered":"https:\/\/rnoticias.com.mx\/Portal\/?p=246115"},"modified":"2026-02-20T20:17:34","modified_gmt":"2026-02-21T03:17:34","slug":"realiza-cobach-sonora-con-exito-el-concurso-estatal-academico-y-cultural","status":"publish","type":"post","link":"https:\/\/rnoticias.com.mx\/Portal\/2026\/02\/20\/realiza-cobach-sonora-con-exito-el-concurso-estatal-academico-y-cultural\/","title":{"rendered":"Realiza Cobach Sonora con \u00e9xito el Concurso Estatal Acad\u00e9mico y Cultural"},"content":{"rendered":"<p align=\"left\">Hermosillo, Sonora; 20 de febrero de 2026.\u2013 El Colegio de Bachilleres del Estado de Sonora (Cobach) realiz\u00f3 con \u00e9xito el Concurso Estatal Acad\u00e9mico y Cultural (CEAC) en su etapa planteles, donde estudiantes de los 30 centros escolares demostraron sus talentos y conocimientos en las diversas ramas acad\u00e9micas y culturales.<\/p>\n<p align=\"left\">Las y los ganadores avanzar\u00e1n a la etapa eliminatoria por zona, que se desarrollar\u00e1 del 14 al 21 de abril. Quienes resulten triunfadores competir\u00e1n en la gran final estatal, que se llevar\u00e1 a cabo el 26 de mayo en Hermosillo, en las instalaciones del Plantel Villa de Seris y en el Teatro Auditorio del Cobach.<\/p>\n<p align=\"left\">Al respecto, el director general de Cobach, Rodrigo Arturo Rosas Burgos, resalt\u00f3: \u201cNos llena de profundo orgullo la extraordinaria participaci\u00f3n de nuestras y nuestros j\u00f3venes; en cada plantel se vivi\u00f3 una verdadera fiesta acad\u00e9mica y cultural, donde el talento, la pasi\u00f3n y el compromiso brillaron con fuerza y demostraron el enorme potencial de nuestra comunidad estudiantil\u201d.<\/p>\n<p align=\"left\">Estos espacios fortalecen la formaci\u00f3n integral al promover el estudio constante y la sana competencia, brindando a las y los estudiantes la oportunidad de poner en pr\u00e1ctica sus conocimientos y talentos art\u00edsticos. Adem\u00e1s, les permiten desarrollar nuevas habilidades y reafirmar su confianza, impactando de manera positiva en su crecimiento personal y acad\u00e9mico.<\/p>\n<p align=\"left\">Este concurso, que se realiza de manera tradicional a\u00f1o con a\u00f1o, trasciende el \u00e1mbito institucional y se ha consolidado como un referente de relevancia social. La participaci\u00f3n y el entusiasmo que genera lo convierten en una actividad esperada en cada edici\u00f3n. Hoy la expectativa vuelve a sentirse; se desea el mayor de los \u00e9xitos a las y los participantes y que gane el mejor.<\/p>\n","protected":false},"excerpt":{"rendered":"<p>Hermosillo, Sonora; 20 de febrero de 2026.\u2013 El Colegio de Bachilleres del Estado de Sonora (Cobach) realiz\u00f3 con \u00e9xito el Concurso Estatal Acad\u00e9mico y Cultural (CEAC) en su etapa planteles, donde estudiantes de los 30 centros escolares demostraron sus talentos y conocimientos en las diversas ramas acad\u00e9micas y culturales. Las y los ganadores avanzar\u00e1n a [&hellip;]<\/p>\n","protected":false},"author":2,"featured_media":246116,"comment_status":"closed","ping_status":"closed","sticky":false,"template":"","format":"standard","meta":{"footnotes":""},"categories":[178],"tags":[12869],"class_list":["post-246115","post","type-post","status-publish","format-standard","has-post-thumbnail","hentry","category-local","tag-local"],"jetpack_featured_media_url":"https:\/\/rnoticias.com.mx\/Portal\/wp-content\/uploads\/2026\/02\/unnamed-2-18.jpg","amp_enabled":true,"_links":{"self":[{"href":"https:\/\/rnoticias.com.mx\/Portal\/wp-json\/wp\/v2\/posts\/246115","targetHints":{"allow":["GET"]}}],"collection":[{"href":"https:\/\/rnoticias.com.mx\/Portal\/wp-json\/wp\/v2\/posts"}],"about":[{"href":"https:\/\/rnoticias.com.mx\/Portal\/wp-json\/wp\/v2\/types\/post"}],"author":[{"embeddable":true,"href":"https:\/\/rnoticias.com.mx\/Portal\/wp-json\/wp\/v2\/users\/2"}],"replies":[{"embeddable":true,"href":"https:\/\/rnoticias.com.mx\/Portal\/wp-json\/wp\/v2\/comments?post=246115"}],"version-history":[{"count":1,"href":"https:\/\/rnoticias.com.mx\/Portal\/wp-json\/wp\/v2\/posts\/246115\/revisions"}],"predecessor-version":[{"id":246117,"href":"https:\/\/rnoticias.com.mx\/Portal\/wp-json\/wp\/v2\/posts\/246115\/revisions\/246117"}],"wp:featuredmedia":[{"embeddable":true,"href":"https:\/\/rnoticias.com.mx\/Portal\/wp-json\/wp\/v2\/media\/246116"}],"wp:attachment":[{"href":"https:\/\/rnoticias.com.mx\/Portal\/wp-json\/wp\/v2\/media?parent=246115"}],"wp:term":[{"taxonomy":"category","embeddable":true,"href":"https:\/\/rnoticias.com.mx\/Portal\/wp-json\/wp\/v2\/categories?post=246115"},{"taxonomy":"post_tag","embeddable":true,"href":"https:\/\/rnoticias.com.mx\/Portal\/wp-json\/wp\/v2\/tags?post=246115"}],"curies":[{"name":"wp","href":"https:\/\/api.w.org\/{rel}","templated":true}]}}