{"id":245978,"date":"2026-02-20T16:45:30","date_gmt":"2026-02-20T23:45:30","guid":{"rendered":"https:\/\/rnoticias.com.mx\/Portal\/?p=245978"},"modified":"2026-02-20T16:45:30","modified_gmt":"2026-02-20T23:45:30","slug":"solicita-diputado-rene-garcia-rojo-al-congreso-de-la-union-fortalecer-proteccion-digital-de-ninas-ninos-y-adolescentes","status":"publish","type":"post","link":"https:\/\/rnoticias.com.mx\/Portal\/2026\/02\/20\/solicita-diputado-rene-garcia-rojo-al-congreso-de-la-union-fortalecer-proteccion-digital-de-ninas-ninos-y-adolescentes\/","title":{"rendered":"Solicita diputado Ren\u00e9 Garc\u00eda Rojo al Congreso de la Uni\u00f3n fortalecer protecci\u00f3n digital de ni\u00f1as, ni\u00f1os y adolescentes"},"content":{"rendered":"<p>Hermosillo, Sonora; 20 de febrero de 2026.- El diputado Ren\u00e9 Edmundo Garc\u00eda Rojo (PT) present\u00f3, durante la sesi\u00f3n ordinaria del Congreso de Sonora, un exhorto dirigido al Congreso de la Uni\u00f3n para que apruebe reformas orientadas a establecer un marco jur\u00eddico integral que garantice mecanismos de protecci\u00f3n reforzada en el uso de plataformas de redes sociales por parte de ni\u00f1as, ni\u00f1os y adolescentes.<\/p>\n<p>Desde tribuna, el legislador plante\u00f3 reformar la Constituci\u00f3n federal con el objetivo de incorporar el principio de protecci\u00f3n reforzada de ni\u00f1as, ni\u00f1os y adolescentes en entornos digitales. Asimismo, propuso modificaciones a la Ley Federal de Telecomunicaciones y Radiodifusi\u00f3n para establecer obligaciones espec\u00edficas a plataformas digitales y redes sociales en materia de verificaci\u00f3n o estimaci\u00f3n razonable de edad, configuraciones de privacidad por defecto, mitigaci\u00f3n de riesgos y mecanismos de protecci\u00f3n infantil.<\/p>\n<p>De igual manera, sugiri\u00f3 reformar la Ley General de los Derechos de Ni\u00f1as, Ni\u00f1os y Adolescentes para fortalecer el marco nacional de protecci\u00f3n frente a riesgos derivados del uso de redes sociales; as\u00ed como la Ley Federal de Protecci\u00f3n de Datos Personales en Posesi\u00f3n de los Particulares, con el prop\u00f3sito de establecer salvaguardas reforzadas en el tratamiento de datos personales de personas menores de edad en entornos digitales.<\/p>\n<p>Tambi\u00e9n recomend\u00f3 la actualizaci\u00f3n del C\u00f3digo Penal Federal para tipificar conductas relacionadas con la captaci\u00f3n digital, sextorsi\u00f3n, manipulaci\u00f3n de im\u00e1genes mediante inteligencia artificial y otras formas de violencia digital en perjuicio de ni\u00f1as, ni\u00f1os y adolescentes.<\/p>\n<p>El exhorto fue enviado a la Comisi\u00f3n de Derechos de la Ni\u00f1ez, Adolescencia y Juventud para su an\u00e1lisis y discusi\u00f3n.<\/p>\n","protected":false},"excerpt":{"rendered":"<p>Hermosillo, Sonora; 20 de febrero de 2026.- El diputado Ren\u00e9 Edmundo Garc\u00eda Rojo (PT) present\u00f3, durante la sesi\u00f3n ordinaria del Congreso de Sonora, un exhorto dirigido al Congreso de la Uni\u00f3n para que apruebe reformas orientadas a establecer un marco jur\u00eddico integral que garantice mecanismos de protecci\u00f3n reforzada en el uso de plataformas de redes [&hellip;]<\/p>\n","protected":false},"author":2,"featured_media":245979,"comment_status":"closed","ping_status":"closed","sticky":false,"template":"","format":"standard","meta":{"footnotes":""},"categories":[12870,12868],"tags":[12865,12879],"class_list":["post-245978","post","type-post","status-publish","format-standard","has-post-thumbnail","hentry","category-destacadas","category-politica","tag-destacadas","tag-politica"],"jetpack_featured_media_url":"https:\/\/rnoticias.com.mx\/Portal\/wp-content\/uploads\/2026\/02\/403-1.jpg","amp_enabled":true,"_links":{"self":[{"href":"https:\/\/rnoticias.com.mx\/Portal\/wp-json\/wp\/v2\/posts\/245978","targetHints":{"allow":["GET"]}}],"collection":[{"href":"https:\/\/rnoticias.com.mx\/Portal\/wp-json\/wp\/v2\/posts"}],"about":[{"href":"https:\/\/rnoticias.com.mx\/Portal\/wp-json\/wp\/v2\/types\/post"}],"author":[{"embeddable":true,"href":"https:\/\/rnoticias.com.mx\/Portal\/wp-json\/wp\/v2\/users\/2"}],"replies":[{"embeddable":true,"href":"https:\/\/rnoticias.com.mx\/Portal\/wp-json\/wp\/v2\/comments?post=245978"}],"version-history":[{"count":2,"href":"https:\/\/rnoticias.com.mx\/Portal\/wp-json\/wp\/v2\/posts\/245978\/revisions"}],"predecessor-version":[{"id":245981,"href":"https:\/\/rnoticias.com.mx\/Portal\/wp-json\/wp\/v2\/posts\/245978\/revisions\/245981"}],"wp:featuredmedia":[{"embeddable":true,"href":"https:\/\/rnoticias.com.mx\/Portal\/wp-json\/wp\/v2\/media\/245979"}],"wp:attachment":[{"href":"https:\/\/rnoticias.com.mx\/Portal\/wp-json\/wp\/v2\/media?parent=245978"}],"wp:term":[{"taxonomy":"category","embeddable":true,"href":"https:\/\/rnoticias.com.mx\/Portal\/wp-json\/wp\/v2\/categories?post=245978"},{"taxonomy":"post_tag","embeddable":true,"href":"https:\/\/rnoticias.com.mx\/Portal\/wp-json\/wp\/v2\/tags?post=245978"}],"curies":[{"name":"wp","href":"https:\/\/api.w.org\/{rel}","templated":true}]}}