{"id":245943,"date":"2026-02-19T21:25:27","date_gmt":"2026-02-20T04:25:27","guid":{"rendered":"https:\/\/rnoticias.com.mx\/Portal\/?p=245943"},"modified":"2026-02-19T21:25:27","modified_gmt":"2026-02-20T04:25:27","slug":"jornada-integral-del-isj-lleva-emprendimiento-y-bienestar-a-caborca","status":"publish","type":"post","link":"https:\/\/rnoticias.com.mx\/Portal\/2026\/02\/19\/jornada-integral-del-isj-lleva-emprendimiento-y-bienestar-a-caborca\/","title":{"rendered":"Jornada integral del ISJ lleva emprendimiento y bienestar a Caborca"},"content":{"rendered":"<p>Caborca, Sonora; 19 de febrero de 2026.\u2013 El Gobierno de Sonora, a trav\u00e9s del Instituto Sonorense de la Juventud (ISJ), realiz\u00f3 una jornada integral de trabajo en Caborca que incluy\u00f3 el Bootcamp Emprendedor, pl\u00e1ticas de bienestar emocional, talleres y acciones art\u00edsticas, con el objetivo de fortalecer el desarrollo econ\u00f3mico y personal de las juventudes del municipio.<\/p>\n<p>Durante la gira se llevaron a cabo diversas actividades enfocadas en el impulso al emprendimiento juvenil, destacando el Bootcamp Emprendedor realizado en el Centro de Usos M\u00faltiples de la Universidad de Sonora, campus Caborca, donde las y los participantes recibieron capacitaci\u00f3n especializada para el desarrollo de sus proyectos.<\/p>\n<p>La titular del\u00a0ISJ, Rebeca Valenzuela \u00c1lvarez, encabez\u00f3 las actividades y destac\u00f3 la importancia de brindar herramientas pr\u00e1cticas a las juventudes para fortalecer sus ideas de negocio.<\/p>\n<p>\u201cEsta capacitaci\u00f3n es totalmente gratuita y con ella buscamos brindar herramientas para la elaboraci\u00f3n de un modelo de negocio factible, con conocimientos en finanzas b\u00e1sicas, marketing y formalizaci\u00f3n de proyectos\u201d, se\u00f1al\u00f3.<\/p>\n<p>Las y los participantes que presenten proyectos viables podr\u00e1n acceder a un cr\u00e9dito de hasta 200 mil pesos, impulsando as\u00ed la creaci\u00f3n de nuevos emprendimientos y el desarrollo econ\u00f3mico local.<\/p>\n<p>Asimismo, el\u00a0ISJ\u00a0llev\u00f3 pl\u00e1ticas de bienestar emocional y entreg\u00f3 botiquines de Bienestar Menstrual en el\u00a0Cecytes\u00a0Plantel Plutarco El\u00edas Calles, reforzando el enfoque integral hacia las juventudes.<\/p>\n<p>Como parte de la agenda, se sostuvo una reuni\u00f3n con el presidente municipal, Abraham David Mier Nogales, para coordinar acciones conjuntas en beneficio de las y los j\u00f3venes. Adem\u00e1s, se realizar\u00e1 un mural en el Parque de la 30, en la colonia Ampliaci\u00f3n Bur\u00f3crata, para promover el talento joven y su participaci\u00f3n comunitaria.<\/p>\n<p>Con estas acciones, el Gobierno de Sonora reafirma su compromiso de acercar oportunidades reales de capacitaci\u00f3n y acompa\u00f1amiento a las juventudes en todo el estado.<\/p>\n","protected":false},"excerpt":{"rendered":"<p>Caborca, Sonora; 19 de febrero de 2026.\u2013 El Gobierno de Sonora, a trav\u00e9s del Instituto Sonorense de la Juventud (ISJ), realiz\u00f3 una jornada integral de trabajo en Caborca que incluy\u00f3 el Bootcamp Emprendedor, pl\u00e1ticas de bienestar emocional, talleres y acciones art\u00edsticas, con el objetivo de fortalecer el desarrollo econ\u00f3mico y personal de las juventudes del [&hellip;]<\/p>\n","protected":false},"author":2,"featured_media":245944,"comment_status":"closed","ping_status":"closed","sticky":false,"template":"","format":"standard","meta":{"footnotes":""},"categories":[174],"tags":[12873],"class_list":["post-245943","post","type-post","status-publish","format-standard","has-post-thumbnail","hentry","category-estatal","tag-estatal"],"jetpack_featured_media_url":"https:\/\/rnoticias.com.mx\/Portal\/wp-content\/uploads\/2026\/02\/image-590-1024x684-1.png","amp_enabled":true,"_links":{"self":[{"href":"https:\/\/rnoticias.com.mx\/Portal\/wp-json\/wp\/v2\/posts\/245943","targetHints":{"allow":["GET"]}}],"collection":[{"href":"https:\/\/rnoticias.com.mx\/Portal\/wp-json\/wp\/v2\/posts"}],"about":[{"href":"https:\/\/rnoticias.com.mx\/Portal\/wp-json\/wp\/v2\/types\/post"}],"author":[{"embeddable":true,"href":"https:\/\/rnoticias.com.mx\/Portal\/wp-json\/wp\/v2\/users\/2"}],"replies":[{"embeddable":true,"href":"https:\/\/rnoticias.com.mx\/Portal\/wp-json\/wp\/v2\/comments?post=245943"}],"version-history":[{"count":1,"href":"https:\/\/rnoticias.com.mx\/Portal\/wp-json\/wp\/v2\/posts\/245943\/revisions"}],"predecessor-version":[{"id":245945,"href":"https:\/\/rnoticias.com.mx\/Portal\/wp-json\/wp\/v2\/posts\/245943\/revisions\/245945"}],"wp:featuredmedia":[{"embeddable":true,"href":"https:\/\/rnoticias.com.mx\/Portal\/wp-json\/wp\/v2\/media\/245944"}],"wp:attachment":[{"href":"https:\/\/rnoticias.com.mx\/Portal\/wp-json\/wp\/v2\/media?parent=245943"}],"wp:term":[{"taxonomy":"category","embeddable":true,"href":"https:\/\/rnoticias.com.mx\/Portal\/wp-json\/wp\/v2\/categories?post=245943"},{"taxonomy":"post_tag","embeddable":true,"href":"https:\/\/rnoticias.com.mx\/Portal\/wp-json\/wp\/v2\/tags?post=245943"}],"curies":[{"name":"wp","href":"https:\/\/api.w.org\/{rel}","templated":true}]}}