{"id":245921,"date":"2026-02-19T20:51:23","date_gmt":"2026-02-20T03:51:23","guid":{"rendered":"https:\/\/rnoticias.com.mx\/Portal\/?p=245921"},"modified":"2026-02-19T20:51:23","modified_gmt":"2026-02-20T03:51:23","slug":"participa-isaam-en-dialogo-legislativo-para-fortalecer-reforma-a-ley-de-personas-adultas-mayores","status":"publish","type":"post","link":"https:\/\/rnoticias.com.mx\/Portal\/2026\/02\/19\/participa-isaam-en-dialogo-legislativo-para-fortalecer-reforma-a-ley-de-personas-adultas-mayores\/","title":{"rendered":"Participa ISAAM en di\u00e1logo legislativo para fortalecer reforma a Ley de Personas Adultas Mayores"},"content":{"rendered":"<p>Hermosillo, Sonora; 19 de febrero de 2026.\u2013 El Gobierno de Sonora, a trav\u00e9s del Instituto Sonorense para la Atenci\u00f3n de los Adultos Mayores (ISAAM), particip\u00f3 en el foro de socializaci\u00f3n de la iniciativa con proyecto de decreto que reforma y adiciona diversas disposiciones de la Ley de los Derechos de las Personas Adultas Mayores del Estado de Sonora.<\/p>\n<p>El espacio tuvo como objetivo analizar y fortalecer acciones orientadas a la protecci\u00f3n jur\u00eddica, social e institucional de las personas mayores de 60 a\u00f1os, reconoci\u00e9ndolas como un grupo prioritario y en situaci\u00f3n de vulnerabilidad, cuyos derechos deben garantizarse de manera efectiva, propuesta presentada por la diputada Jazm\u00edn Guadalupe G\u00f3mez Liz\u00e1rraga.<\/p>\n<p>Durante el encuentro se abordaron los principales contextos y problem\u00e1ticas que enfrentan las personas adultas mayores, as\u00ed como los ejes centrales de la reforma, enfocados en generar mecanismos m\u00e1s s\u00f3lidos de atenci\u00f3n y protecci\u00f3n. Entre los temas destacados se incluyen el fortalecimiento de la Procuradur\u00eda de la Defensa del Adulto Mayor, la regulaci\u00f3n estricta de albergues y centros de cuidado, as\u00ed como la implementaci\u00f3n de medidas de protecci\u00f3n social y econ\u00f3mica.<\/p>\n<p>La iniciativa impulsa mejoras sustanciales que permitan transitar de una ley declarativa a una ley operativa y exigible, capaz de prevenir abusos, negligencia y abandono institucional. Asimismo, busca garantizar un envejecimiento con dignidad, seguridad y justicia, fortaleciendo la capacidad del Estado para responder al reto del envejecimiento poblacional y posicionando a las personas adultas mayores como prioridad dentro de la agenda p\u00fablica.<\/p>\n<p>En el di\u00e1logo participaron la directora general del ISAAM; el secretario de Jubilados y Pensionados del SNTE Secci\u00f3n 28; y un representante del Sectorial del Adulto Mayor del Partido del Trabajo, quienes aportaron propuestas desde sus respectivos \u00e1mbitos de atenci\u00f3n a esta poblaci\u00f3n.<\/p>\n<p>La presencia de representantes de distintos partidos pol\u00edticos y sectores sociales permiti\u00f3 generar un di\u00e1logo plural orientado a sumar esfuerzos y construir pol\u00edticas p\u00fablicas m\u00e1s s\u00f3lidas, con mayor impacto social y enfocadas en la garant\u00eda plena de los derechos de las personas adultas mayores.<\/p>\n<p>Con el respaldo del Gobierno de Sonora, el ISAAM refrenda su compromiso de continuar generando alianzas estrat\u00e9gicas que contribuyan a consolidar una sociedad m\u00e1s incluyente, solidaria y con mayores oportunidades para este sector de la poblaci\u00f3n.<\/p>\n","protected":false},"excerpt":{"rendered":"<p>Hermosillo, Sonora; 19 de febrero de 2026.\u2013 El Gobierno de Sonora, a trav\u00e9s del Instituto Sonorense para la Atenci\u00f3n de los Adultos Mayores (ISAAM), particip\u00f3 en el foro de socializaci\u00f3n de la iniciativa con proyecto de decreto que reforma y adiciona diversas disposiciones de la Ley de los Derechos de las Personas Adultas Mayores del [&hellip;]<\/p>\n","protected":false},"author":2,"featured_media":245922,"comment_status":"closed","ping_status":"closed","sticky":false,"template":"","format":"standard","meta":{"footnotes":""},"categories":[178],"tags":[12869],"class_list":["post-245921","post","type-post","status-publish","format-standard","has-post-thumbnail","hentry","category-local","tag-local"],"jetpack_featured_media_url":"https:\/\/rnoticias.com.mx\/Portal\/wp-content\/uploads\/2026\/02\/unnamed-1-26.jpg","amp_enabled":true,"_links":{"self":[{"href":"https:\/\/rnoticias.com.mx\/Portal\/wp-json\/wp\/v2\/posts\/245921","targetHints":{"allow":["GET"]}}],"collection":[{"href":"https:\/\/rnoticias.com.mx\/Portal\/wp-json\/wp\/v2\/posts"}],"about":[{"href":"https:\/\/rnoticias.com.mx\/Portal\/wp-json\/wp\/v2\/types\/post"}],"author":[{"embeddable":true,"href":"https:\/\/rnoticias.com.mx\/Portal\/wp-json\/wp\/v2\/users\/2"}],"replies":[{"embeddable":true,"href":"https:\/\/rnoticias.com.mx\/Portal\/wp-json\/wp\/v2\/comments?post=245921"}],"version-history":[{"count":1,"href":"https:\/\/rnoticias.com.mx\/Portal\/wp-json\/wp\/v2\/posts\/245921\/revisions"}],"predecessor-version":[{"id":245923,"href":"https:\/\/rnoticias.com.mx\/Portal\/wp-json\/wp\/v2\/posts\/245921\/revisions\/245923"}],"wp:featuredmedia":[{"embeddable":true,"href":"https:\/\/rnoticias.com.mx\/Portal\/wp-json\/wp\/v2\/media\/245922"}],"wp:attachment":[{"href":"https:\/\/rnoticias.com.mx\/Portal\/wp-json\/wp\/v2\/media?parent=245921"}],"wp:term":[{"taxonomy":"category","embeddable":true,"href":"https:\/\/rnoticias.com.mx\/Portal\/wp-json\/wp\/v2\/categories?post=245921"},{"taxonomy":"post_tag","embeddable":true,"href":"https:\/\/rnoticias.com.mx\/Portal\/wp-json\/wp\/v2\/tags?post=245921"}],"curies":[{"name":"wp","href":"https:\/\/api.w.org\/{rel}","templated":true}]}}