{"id":245909,"date":"2026-02-19T20:47:08","date_gmt":"2026-02-20T03:47:08","guid":{"rendered":"https:\/\/rnoticias.com.mx\/Portal\/?p=245909"},"modified":"2026-02-19T20:47:08","modified_gmt":"2026-02-20T03:47:08","slug":"fortalece-gobierno-de-sonora-certeza-juridica-inclusion-bienestar-universitario-y-cultura-del-agua-en-escuelas-de-cananea-sec","status":"publish","type":"post","link":"https:\/\/rnoticias.com.mx\/Portal\/2026\/02\/19\/fortalece-gobierno-de-sonora-certeza-juridica-inclusion-bienestar-universitario-y-cultura-del-agua-en-escuelas-de-cananea-sec\/","title":{"rendered":"Fortalece Gobierno de Sonora certeza jur\u00eddica, inclusi\u00f3n, bienestar universitario y cultura del agua en escuelas de Cananea: SEC"},"content":{"rendered":"<p align=\"left\">Cananea, Sonora; 19 de febrero de 2026.- Con programas y estrategias que fortalecen la formaci\u00f3n integral del alumnado, desde educaci\u00f3n b\u00e1sica hasta nivel superior, el Gobierno de Sonora, a trav\u00e9s de la Secretar\u00eda de Educaci\u00f3n y Cultura (SEC), consolida la transformaci\u00f3n del sistema educativo en Cananea.<\/p>\n<p align=\"left\">Durante una gira de trabajo por el municipio minero, el titular de la SEC recibi\u00f3 las escrituras de propiedad del terreno donde se ubican diversos planteles, lo que representa un paso trascendental para el fortalecimiento institucional, la seguridad jur\u00eddica y la consolidaci\u00f3n de proyectos a futuro.<\/p>\n<p align=\"left\">Acompa\u00f1ados de la comunidad escolar de la primaria \u201cLeona Vicario\u201d, una de las escuelas beneficiadas con la entrega de escrituras, Froyl\u00e1n G\u00e1mez Gamboa y la alcaldesa Esmeralda Gonz\u00e1lez Tapia pusieron en marcha el programa \u201cGuardianes del Agua\u201d, el cual busca concientizar a las nuevas generaciones sobre la importancia del cuidado del vital l\u00edquido.<\/p>\n<p align=\"left\">El funcionario estatal tambi\u00e9n supervis\u00f3 el inicio de los trabajos de la \u201cEstrategia Estatal de Comunidades Escolares Inclusivas en Sonora\u201d (Proyecto Camale\u00f3n), la cual permitir\u00e1 identificar y eliminar las barreras que limitan el aprendizaje y la participaci\u00f3n, como parte del compromiso del gobernador Alfonso Durazo de garantizar el derecho a una educaci\u00f3n inclusiva, equitativa y de calidad.<\/p>\n<p align=\"left\">En dicha capacitaci\u00f3n, con duraci\u00f3n de tres d\u00edas, participan docentes, supervisoras y supervisores, directivos, personal de apoyo y 90 agentes educativos de Cananea y Naco, quienes fortalecer\u00e1n sus competencias profesionales para construir comunidades escolares m\u00e1s justas, accesibles y humanas.<\/p>\n<p align=\"left\">En el Instituto Tecnol\u00f3gico Superior de Cananea (Itescan), constat\u00f3 los resultados de la implementaci\u00f3n del Programa Bienestar Universitario, el cual ofrece una red de apoyo que acompa\u00f1a a las y los estudiantes durante toda su trayectoria universitaria, atendiendo las dimensiones emocional, social, acad\u00e9mica, f\u00edsica y cultural.<\/p>\n<p align=\"left\">Como parte de la agenda, tambi\u00e9n inaugur\u00f3 nuevas instalaciones educativas en beneficio de la comunidad universitaria y visit\u00f3 el taller de electromec\u00e1nica y el taller de metalurgia, en donde se realiza el proceso de lixiviaci\u00f3n.<\/p>\n","protected":false},"excerpt":{"rendered":"<p>Cananea, Sonora; 19 de febrero de 2026.- Con programas y estrategias que fortalecen la formaci\u00f3n integral del alumnado, desde educaci\u00f3n b\u00e1sica hasta nivel superior, el Gobierno de Sonora, a trav\u00e9s de la Secretar\u00eda de Educaci\u00f3n y Cultura (SEC), consolida la transformaci\u00f3n del sistema educativo en Cananea. Durante una gira de trabajo por el municipio minero, [&hellip;]<\/p>\n","protected":false},"author":2,"featured_media":245910,"comment_status":"closed","ping_status":"closed","sticky":false,"template":"","format":"standard","meta":{"footnotes":""},"categories":[174],"tags":[12873],"class_list":["post-245909","post","type-post","status-publish","format-standard","has-post-thumbnail","hentry","category-estatal","tag-estatal"],"jetpack_featured_media_url":"https:\/\/rnoticias.com.mx\/Portal\/wp-content\/uploads\/2026\/02\/unnamed-2-15.jpg","amp_enabled":true,"_links":{"self":[{"href":"https:\/\/rnoticias.com.mx\/Portal\/wp-json\/wp\/v2\/posts\/245909","targetHints":{"allow":["GET"]}}],"collection":[{"href":"https:\/\/rnoticias.com.mx\/Portal\/wp-json\/wp\/v2\/posts"}],"about":[{"href":"https:\/\/rnoticias.com.mx\/Portal\/wp-json\/wp\/v2\/types\/post"}],"author":[{"embeddable":true,"href":"https:\/\/rnoticias.com.mx\/Portal\/wp-json\/wp\/v2\/users\/2"}],"replies":[{"embeddable":true,"href":"https:\/\/rnoticias.com.mx\/Portal\/wp-json\/wp\/v2\/comments?post=245909"}],"version-history":[{"count":1,"href":"https:\/\/rnoticias.com.mx\/Portal\/wp-json\/wp\/v2\/posts\/245909\/revisions"}],"predecessor-version":[{"id":245911,"href":"https:\/\/rnoticias.com.mx\/Portal\/wp-json\/wp\/v2\/posts\/245909\/revisions\/245911"}],"wp:featuredmedia":[{"embeddable":true,"href":"https:\/\/rnoticias.com.mx\/Portal\/wp-json\/wp\/v2\/media\/245910"}],"wp:attachment":[{"href":"https:\/\/rnoticias.com.mx\/Portal\/wp-json\/wp\/v2\/media?parent=245909"}],"wp:term":[{"taxonomy":"category","embeddable":true,"href":"https:\/\/rnoticias.com.mx\/Portal\/wp-json\/wp\/v2\/categories?post=245909"},{"taxonomy":"post_tag","embeddable":true,"href":"https:\/\/rnoticias.com.mx\/Portal\/wp-json\/wp\/v2\/tags?post=245909"}],"curies":[{"name":"wp","href":"https:\/\/api.w.org\/{rel}","templated":true}]}}