{"id":245842,"date":"2026-02-19T17:15:52","date_gmt":"2026-02-20T00:15:52","guid":{"rendered":"https:\/\/rnoticias.com.mx\/Portal\/?p=245842"},"modified":"2026-02-19T17:15:52","modified_gmt":"2026-02-20T00:15:52","slug":"oficinas-de-bienestar-en-sonora-mantienen-atencion-permanente-durante-todo-2026","status":"publish","type":"post","link":"https:\/\/rnoticias.com.mx\/Portal\/2026\/02\/19\/oficinas-de-bienestar-en-sonora-mantienen-atencion-permanente-durante-todo-2026\/","title":{"rendered":"Oficinas de Bienestar en Sonora mantienen atenci\u00f3n permanente durante todo 2026"},"content":{"rendered":"<p>Hermosillo, Sonora; 19 de febrero de 2026.- Con el compromiso de brindar una atenci\u00f3n permanente, cercana y eficiente a las y los beneficiarios, durante todo el a\u00f1o 2026 las oficinas de atenci\u00f3n estar\u00e1n disponibles para la realizaci\u00f3n de tr\u00e1mites y actualizaci\u00f3n de datos relacionados con los programas sociales, inform\u00f3 Octavio Almada Palafox.<\/p>\n<p>El Delegado de los Programas de Bienestar en Sonora reiter\u00f3 que las personas beneficiarias pueden acudir en cualquier momento del a\u00f1o para efectuar movimientos como el alta o baja de auxiliares, as\u00ed como para notificar cualquier cambio en su informaci\u00f3n personal, especialmente modificaciones de domicilio, con el objetivo de mantener actualizados los padrones y garantizar una atenci\u00f3n adecuada.<\/p>\n<p>\u201cEl llamado es muy claro: todas y todos los beneficiarios pueden acudir a nuestras oficinas durante todo el a\u00f1o 2026 para realizar sus tr\u00e1mites de manera normal. Si necesitan dar de alta o de baja a un auxiliar, o si han tenido alg\u00fan cambio de domicilio, es muy importante que lo informen.<\/p>\n<p>En la Delegaci\u00f3n Sonora trabajamos todos los d\u00edas con responsabilidad y cercan\u00eda, siguiendo la visi\u00f3n de nuestra Presidenta, Claudia Sheinbaum Pardo, de mantener un gobierno humanista, cercano al pueblo y que garantice que los Programas para el Bienestar lleguen de manera directa y sin intermediarios\u201d, expres\u00f3.<\/p>\n<p>El Delegado dijo que la actualizaci\u00f3n oportuna de datos permite facilita una comunicaci\u00f3n m\u00e1s efectiva con las y los derechohabientes. Por ello, se continuar\u00e1 reforzando la informaci\u00f3n a trav\u00e9s de los canales oficiales y en territorio, invitando a la ciudadan\u00eda a mantenerse atenta a los avisos y a acercarse a las oficinas cuando requieran realizar alg\u00fan tr\u00e1mite.<\/p>\n<p>Octavio Almada Palafox reiter\u00f3 su compromiso de seguir informando, orientando y acompa\u00f1ando a las familias sonorenses, fortaleciendo la atenci\u00f3n directa y el trabajo coordinado para consolidar los Programas para el Bienestar en beneficio de quienes m\u00e1s lo necesitan.<\/p>\n","protected":false},"excerpt":{"rendered":"<p>Hermosillo, Sonora; 19 de febrero de 2026.- Con el compromiso de brindar una atenci\u00f3n permanente, cercana y eficiente a las y los beneficiarios, durante todo el a\u00f1o 2026 las oficinas de atenci\u00f3n estar\u00e1n disponibles para la realizaci\u00f3n de tr\u00e1mites y actualizaci\u00f3n de datos relacionados con los programas sociales, inform\u00f3 Octavio Almada Palafox. El Delegado de [&hellip;]<\/p>\n","protected":false},"author":2,"featured_media":245843,"comment_status":"closed","ping_status":"closed","sticky":false,"template":"","format":"standard","meta":{"footnotes":""},"categories":[12870,178],"tags":[12865,12869],"class_list":["post-245842","post","type-post","status-publish","format-standard","has-post-thumbnail","hentry","category-destacadas","category-local","tag-destacadas","tag-local"],"jetpack_featured_media_url":"https:\/\/rnoticias.com.mx\/Portal\/wp-content\/uploads\/2026\/02\/WhatsApp-Image-2026-02-19-at-2.19.34-PM.jpeg","amp_enabled":true,"_links":{"self":[{"href":"https:\/\/rnoticias.com.mx\/Portal\/wp-json\/wp\/v2\/posts\/245842","targetHints":{"allow":["GET"]}}],"collection":[{"href":"https:\/\/rnoticias.com.mx\/Portal\/wp-json\/wp\/v2\/posts"}],"about":[{"href":"https:\/\/rnoticias.com.mx\/Portal\/wp-json\/wp\/v2\/types\/post"}],"author":[{"embeddable":true,"href":"https:\/\/rnoticias.com.mx\/Portal\/wp-json\/wp\/v2\/users\/2"}],"replies":[{"embeddable":true,"href":"https:\/\/rnoticias.com.mx\/Portal\/wp-json\/wp\/v2\/comments?post=245842"}],"version-history":[{"count":1,"href":"https:\/\/rnoticias.com.mx\/Portal\/wp-json\/wp\/v2\/posts\/245842\/revisions"}],"predecessor-version":[{"id":245844,"href":"https:\/\/rnoticias.com.mx\/Portal\/wp-json\/wp\/v2\/posts\/245842\/revisions\/245844"}],"wp:featuredmedia":[{"embeddable":true,"href":"https:\/\/rnoticias.com.mx\/Portal\/wp-json\/wp\/v2\/media\/245843"}],"wp:attachment":[{"href":"https:\/\/rnoticias.com.mx\/Portal\/wp-json\/wp\/v2\/media?parent=245842"}],"wp:term":[{"taxonomy":"category","embeddable":true,"href":"https:\/\/rnoticias.com.mx\/Portal\/wp-json\/wp\/v2\/categories?post=245842"},{"taxonomy":"post_tag","embeddable":true,"href":"https:\/\/rnoticias.com.mx\/Portal\/wp-json\/wp\/v2\/tags?post=245842"}],"curies":[{"name":"wp","href":"https:\/\/api.w.org\/{rel}","templated":true}]}}