{"id":245836,"date":"2026-02-19T17:13:50","date_gmt":"2026-02-20T00:13:50","guid":{"rendered":"https:\/\/rnoticias.com.mx\/Portal\/?p=245836"},"modified":"2026-02-19T17:13:50","modified_gmt":"2026-02-20T00:13:50","slug":"gobierno-de-sonora-impulsa-el-programa-aire-puro-futuro-seguro-en-itson-navojoa","status":"publish","type":"post","link":"https:\/\/rnoticias.com.mx\/Portal\/2026\/02\/19\/gobierno-de-sonora-impulsa-el-programa-aire-puro-futuro-seguro-en-itson-navojoa\/","title":{"rendered":"Gobierno de Sonora impulsa el programa \u201cAire Puro, Futuro Seguro\u201d en ITSON Navojoa"},"content":{"rendered":"<p align=\"left\">Navojoa, Sonora; 19 de febrero de 2026.- El Gobierno de Sonora, a trav\u00e9s de la Direcci\u00f3n General de Cambio Clim\u00e1tico y Cultura Ambiental (Dgccyca), puso en marcha el programa \u201cAire Puro, Futuro Seguro\u201d en las instalaciones del ITSON Navojoa, con el objetivo de promover un entorno m\u00e1s limpio y saludable.<\/p>\n<p align=\"left\">Esta iniciativa busca fortalecer la conciencia ambiental y el compromiso social con la protecci\u00f3n del entorno, a trav\u00e9s de acciones enfocadas en la educaci\u00f3n y el monitoreo de la calidad del aire, contando con la participaci\u00f3n de la comunidad acad\u00e9mica y ambiental.<\/p>\n<p align=\"left\">Durante la jornada se llev\u00f3 a cabo la instalaci\u00f3n de un sensor para el monitoreo de la calidad del aire, as\u00ed como la impartici\u00f3n de charlas educativas dirigidas a estudiantes de las carreras de Ingenier\u00eda en Biosistemas e Ingenier\u00eda en Ciencias Ambientales, con el prop\u00f3sito de fomentar el conocimiento y la participaci\u00f3n activa en temas de cambio clim\u00e1tico y cuidado ambiental.<\/p>\n<p align=\"left\">Estas acciones reflejan el compromiso del Gobierno de Sonora, a trav\u00e9s de CEDES, con la preservaci\u00f3n del medio ambiente y la promoci\u00f3n de un desarrollo sustentable que contribuya al bienestar de las y los sonorenses.<\/p>\n<p align=\"left\">El Gobierno de Sonora agradece al ITSON Navojoa por su colaboraci\u00f3n y disposici\u00f3n para sumar esfuerzos en la construcci\u00f3n de un futuro m\u00e1s limpio, saludable y pr\u00f3spero para la entidad.<\/p>\n","protected":false},"excerpt":{"rendered":"<p>Navojoa, Sonora; 19 de febrero de 2026.- El Gobierno de Sonora, a trav\u00e9s de la Direcci\u00f3n General de Cambio Clim\u00e1tico y Cultura Ambiental (Dgccyca), puso en marcha el programa \u201cAire Puro, Futuro Seguro\u201d en las instalaciones del ITSON Navojoa, con el objetivo de promover un entorno m\u00e1s limpio y saludable. Esta iniciativa busca fortalecer la [&hellip;]<\/p>\n","protected":false},"author":2,"featured_media":245837,"comment_status":"closed","ping_status":"closed","sticky":false,"template":"","format":"standard","meta":{"footnotes":""},"categories":[12870,174],"tags":[12865,12873],"class_list":["post-245836","post","type-post","status-publish","format-standard","has-post-thumbnail","hentry","category-destacadas","category-estatal","tag-destacadas","tag-estatal"],"jetpack_featured_media_url":"https:\/\/rnoticias.com.mx\/Portal\/wp-content\/uploads\/2026\/02\/unnamed-1-24.jpg","amp_enabled":true,"_links":{"self":[{"href":"https:\/\/rnoticias.com.mx\/Portal\/wp-json\/wp\/v2\/posts\/245836","targetHints":{"allow":["GET"]}}],"collection":[{"href":"https:\/\/rnoticias.com.mx\/Portal\/wp-json\/wp\/v2\/posts"}],"about":[{"href":"https:\/\/rnoticias.com.mx\/Portal\/wp-json\/wp\/v2\/types\/post"}],"author":[{"embeddable":true,"href":"https:\/\/rnoticias.com.mx\/Portal\/wp-json\/wp\/v2\/users\/2"}],"replies":[{"embeddable":true,"href":"https:\/\/rnoticias.com.mx\/Portal\/wp-json\/wp\/v2\/comments?post=245836"}],"version-history":[{"count":1,"href":"https:\/\/rnoticias.com.mx\/Portal\/wp-json\/wp\/v2\/posts\/245836\/revisions"}],"predecessor-version":[{"id":245838,"href":"https:\/\/rnoticias.com.mx\/Portal\/wp-json\/wp\/v2\/posts\/245836\/revisions\/245838"}],"wp:featuredmedia":[{"embeddable":true,"href":"https:\/\/rnoticias.com.mx\/Portal\/wp-json\/wp\/v2\/media\/245837"}],"wp:attachment":[{"href":"https:\/\/rnoticias.com.mx\/Portal\/wp-json\/wp\/v2\/media?parent=245836"}],"wp:term":[{"taxonomy":"category","embeddable":true,"href":"https:\/\/rnoticias.com.mx\/Portal\/wp-json\/wp\/v2\/categories?post=245836"},{"taxonomy":"post_tag","embeddable":true,"href":"https:\/\/rnoticias.com.mx\/Portal\/wp-json\/wp\/v2\/tags?post=245836"}],"curies":[{"name":"wp","href":"https:\/\/api.w.org\/{rel}","templated":true}]}}