{"id":245833,"date":"2026-02-19T17:12:43","date_gmt":"2026-02-20T00:12:43","guid":{"rendered":"https:\/\/rnoticias.com.mx\/Portal\/?p=245833"},"modified":"2026-02-19T17:12:43","modified_gmt":"2026-02-20T00:12:43","slug":"proteccion-civil-realiza-reunion-de-coordinacion-previo-al-inicio-de-la-temporada-de-incendios-forestales","status":"publish","type":"post","link":"https:\/\/rnoticias.com.mx\/Portal\/2026\/02\/19\/proteccion-civil-realiza-reunion-de-coordinacion-previo-al-inicio-de-la-temporada-de-incendios-forestales\/","title":{"rendered":"Protecci\u00f3n Civil realiza reuni\u00f3n de coordinaci\u00f3n previo al inicio de la temporada de incendios forestales"},"content":{"rendered":"<p align=\"left\">Hermosillo, Sonora; 19 de febrero de 2026.- El Gobierno de Sonora, a trav\u00e9s de la Coordinaci\u00f3n Estatal de Protecci\u00f3n Civil (CEPC), convoc\u00f3 a autoridades de los tres niveles de gobierno a una reuni\u00f3n previa de prevenci\u00f3n y atenci\u00f3n de incendios forestales, rumbo a la temporada 2026 en Sonora.<\/p>\n<p align=\"left\">En el encuentro participaron representantes de la Uni\u00f3n Ganadera Regional de Sonora (UGRS), Comisi\u00f3n Nacional Forestal (Conafor), cuerpos de Bomberos, Polic\u00eda Estatal de Seguridad P\u00fablica (PESP), Secretar\u00eda de la Defensa Nacional (Defensa), Caminos y Puentes Federales (Capufe), C5i Sonora, la Secretar\u00eda de Gobierno de Sonora, la Brigada Estatal de Manejo de Fuego y personal de Protecci\u00f3n Civil Sonora, con el objetivo de coordinar esfuerzos ante la pr\u00f3xima temporada de incendios forestales en la entidad.<\/p>\n<p align=\"left\">El encargado de despacho de Protecci\u00f3n Civil Estatal, Daniel Abraham G\u00e1mez Mart\u00ednez, inform\u00f3 sobre las acciones que deber\u00e1n implementarse de manera conjunta por los tres \u00f3rdenes de gobierno, a fin de fortalecer la respuesta operativa y la comunicaci\u00f3n interinstitucional para combatir eficazmente estos siniestros.<\/p>\n<p align=\"left\">Asimismo, destac\u00f3 la importancia de las Mesas Regionales de Incendios Forestales, que se llevar\u00e1n a cabo en cinco zonas estrat\u00e9gicas del estado, las cuales permiten reforzar las medidas preventivas y los protocolos de actuaci\u00f3n en caso de que se registre un incendio forestal.<\/p>\n<p align=\"left\">Se espera que sea entre marzo y abril cuando pueda iniciar la temporada de incendios forestales, por lo que se pide a la poblaci\u00f3n que, ante cualquier emergencia, marque la l\u00ednea telef\u00f3nica 9-1-1.<\/p>\n","protected":false},"excerpt":{"rendered":"<p>Hermosillo, Sonora; 19 de febrero de 2026.- El Gobierno de Sonora, a trav\u00e9s de la Coordinaci\u00f3n Estatal de Protecci\u00f3n Civil (CEPC), convoc\u00f3 a autoridades de los tres niveles de gobierno a una reuni\u00f3n previa de prevenci\u00f3n y atenci\u00f3n de incendios forestales, rumbo a la temporada 2026 en Sonora. En el encuentro participaron representantes de la [&hellip;]<\/p>\n","protected":false},"author":2,"featured_media":245834,"comment_status":"closed","ping_status":"closed","sticky":false,"template":"","format":"standard","meta":{"footnotes":""},"categories":[12870,178],"tags":[12865,12869],"class_list":["post-245833","post","type-post","status-publish","format-standard","has-post-thumbnail","hentry","category-destacadas","category-local","tag-destacadas","tag-local"],"jetpack_featured_media_url":"https:\/\/rnoticias.com.mx\/Portal\/wp-content\/uploads\/2026\/02\/unnamed-54.jpg","amp_enabled":true,"_links":{"self":[{"href":"https:\/\/rnoticias.com.mx\/Portal\/wp-json\/wp\/v2\/posts\/245833","targetHints":{"allow":["GET"]}}],"collection":[{"href":"https:\/\/rnoticias.com.mx\/Portal\/wp-json\/wp\/v2\/posts"}],"about":[{"href":"https:\/\/rnoticias.com.mx\/Portal\/wp-json\/wp\/v2\/types\/post"}],"author":[{"embeddable":true,"href":"https:\/\/rnoticias.com.mx\/Portal\/wp-json\/wp\/v2\/users\/2"}],"replies":[{"embeddable":true,"href":"https:\/\/rnoticias.com.mx\/Portal\/wp-json\/wp\/v2\/comments?post=245833"}],"version-history":[{"count":1,"href":"https:\/\/rnoticias.com.mx\/Portal\/wp-json\/wp\/v2\/posts\/245833\/revisions"}],"predecessor-version":[{"id":245835,"href":"https:\/\/rnoticias.com.mx\/Portal\/wp-json\/wp\/v2\/posts\/245833\/revisions\/245835"}],"wp:featuredmedia":[{"embeddable":true,"href":"https:\/\/rnoticias.com.mx\/Portal\/wp-json\/wp\/v2\/media\/245834"}],"wp:attachment":[{"href":"https:\/\/rnoticias.com.mx\/Portal\/wp-json\/wp\/v2\/media?parent=245833"}],"wp:term":[{"taxonomy":"category","embeddable":true,"href":"https:\/\/rnoticias.com.mx\/Portal\/wp-json\/wp\/v2\/categories?post=245833"},{"taxonomy":"post_tag","embeddable":true,"href":"https:\/\/rnoticias.com.mx\/Portal\/wp-json\/wp\/v2\/tags?post=245833"}],"curies":[{"name":"wp","href":"https:\/\/api.w.org\/{rel}","templated":true}]}}