{"id":245830,"date":"2026-02-19T17:11:32","date_gmt":"2026-02-20T00:11:32","guid":{"rendered":"https:\/\/rnoticias.com.mx\/Portal\/?p=245830"},"modified":"2026-02-19T17:11:32","modified_gmt":"2026-02-20T00:11:32","slug":"invitan-a-jornada-masiva-de-vacunacion-contra-el-sarampion-en-cajeme","status":"publish","type":"post","link":"https:\/\/rnoticias.com.mx\/Portal\/2026\/02\/19\/invitan-a-jornada-masiva-de-vacunacion-contra-el-sarampion-en-cajeme\/","title":{"rendered":"Invitan a jornada masiva de vacunaci\u00f3n contra el sarampi\u00f3n en Cajeme"},"content":{"rendered":"<p>El Ayuntamiento de Cajeme alista una jornada masiva de vacunaci\u00f3n contra el sarampi\u00f3n para este fin de semana, con m\u00f3dulos en zonas urbanas y rurales para facilitar el acceso a la poblaci\u00f3n.<\/p>\n<p>&nbsp;<\/p>\n<p>El titular de la Direcci\u00f3n de Salud Municipal, Jes\u00fas Espinoza, inform\u00f3 que la estrategia busca reforzar la prevenci\u00f3n ante el brote registrado en el pa\u00eds y ampliar la cobertura entre grupos con esquemas incompletos.<\/p>\n<p>&nbsp;<\/p>\n<p>\u201cEntonces al\u00a0momento de llevar a cabo\u00a0estas acciones en nuestro\u00a0municipio, es con el fin de\u00a0prevenir, como lo hemos\u00a0comentado, la vacunaci\u00f3n de\u00a0las enfermedades, de algunas de\u00a0las pocas enfermedades que se\u00a0pueden prevenir, se encuentran\u00a0las que tienen la opci\u00f3n de una\u00a0vacunaci\u00f3n. En este caso, el sarampi\u00f3n es una de ellas\u201d, dijo.<\/p>\n<p>&nbsp;<\/p>\n<p>Enfatiz\u00f3, que esta campa\u00f1a, se coordina con instituciones como IMSS Bienestar, ISSSTE, Isssteson y la Secretar\u00eda de Salud. A\u00f1adi\u00f3 que personas de 10 a 49 a\u00f1os pueden solicitar la vacuna en los m\u00f3dulos que estar\u00e1n en puntos como Walmart, Soriana, Plaza Sendero, Plaza Tutuli, unidades m\u00e9dicas, el Tianguis del Teatro y comunidades rurales como Tobarito y Campo 77, entre otros m\u00e1s.<\/p>\n<p>&nbsp;<\/p>\n","protected":false},"excerpt":{"rendered":"<p>El Ayuntamiento de Cajeme alista una jornada masiva de vacunaci\u00f3n contra el sarampi\u00f3n para este fin de semana, con m\u00f3dulos en zonas urbanas y rurales para facilitar el acceso a la poblaci\u00f3n. &nbsp; El titular de la Direcci\u00f3n de Salud Municipal, Jes\u00fas Espinoza, inform\u00f3 que la estrategia busca reforzar la prevenci\u00f3n ante el brote registrado [&hellip;]<\/p>\n","protected":false},"author":2,"featured_media":245831,"comment_status":"closed","ping_status":"closed","sticky":false,"template":"","format":"standard","meta":{"footnotes":""},"categories":[12870,174],"tags":[12865,12873],"class_list":["post-245830","post","type-post","status-publish","format-standard","has-post-thumbnail","hentry","category-destacadas","category-estatal","tag-destacadas","tag-estatal"],"jetpack_featured_media_url":"https:\/\/rnoticias.com.mx\/Portal\/wp-content\/uploads\/2026\/02\/sarampion-cuauhtemoc.jpg_903948830.webp","amp_enabled":true,"_links":{"self":[{"href":"https:\/\/rnoticias.com.mx\/Portal\/wp-json\/wp\/v2\/posts\/245830","targetHints":{"allow":["GET"]}}],"collection":[{"href":"https:\/\/rnoticias.com.mx\/Portal\/wp-json\/wp\/v2\/posts"}],"about":[{"href":"https:\/\/rnoticias.com.mx\/Portal\/wp-json\/wp\/v2\/types\/post"}],"author":[{"embeddable":true,"href":"https:\/\/rnoticias.com.mx\/Portal\/wp-json\/wp\/v2\/users\/2"}],"replies":[{"embeddable":true,"href":"https:\/\/rnoticias.com.mx\/Portal\/wp-json\/wp\/v2\/comments?post=245830"}],"version-history":[{"count":1,"href":"https:\/\/rnoticias.com.mx\/Portal\/wp-json\/wp\/v2\/posts\/245830\/revisions"}],"predecessor-version":[{"id":245832,"href":"https:\/\/rnoticias.com.mx\/Portal\/wp-json\/wp\/v2\/posts\/245830\/revisions\/245832"}],"wp:featuredmedia":[{"embeddable":true,"href":"https:\/\/rnoticias.com.mx\/Portal\/wp-json\/wp\/v2\/media\/245831"}],"wp:attachment":[{"href":"https:\/\/rnoticias.com.mx\/Portal\/wp-json\/wp\/v2\/media?parent=245830"}],"wp:term":[{"taxonomy":"category","embeddable":true,"href":"https:\/\/rnoticias.com.mx\/Portal\/wp-json\/wp\/v2\/categories?post=245830"},{"taxonomy":"post_tag","embeddable":true,"href":"https:\/\/rnoticias.com.mx\/Portal\/wp-json\/wp\/v2\/tags?post=245830"}],"curies":[{"name":"wp","href":"https:\/\/api.w.org\/{rel}","templated":true}]}}