{"id":245827,"date":"2026-02-19T17:10:11","date_gmt":"2026-02-20T00:10:11","guid":{"rendered":"https:\/\/rnoticias.com.mx\/Portal\/?p=245827"},"modified":"2026-02-19T17:10:11","modified_gmt":"2026-02-20T00:10:11","slug":"preven-reestructuracion-vial-para-mejorar-movilidad-en-navojoa","status":"publish","type":"post","link":"https:\/\/rnoticias.com.mx\/Portal\/2026\/02\/19\/preven-reestructuracion-vial-para-mejorar-movilidad-en-navojoa\/","title":{"rendered":"Prev\u00e9n reestructuraci\u00f3n vial para mejorar movilidad en Navojoa"},"content":{"rendered":"<p>En pr\u00f3ximas semanas se contempla una reestructuraci\u00f3n del sistema vial en Navojoa que incluir\u00e1 proyectos de pavimentaci\u00f3n y la sincronizaci\u00f3n de sem\u00e1foros en diversos puntos de la ciudad.<\/p>\n<p>&nbsp;<\/p>\n<p>El director de Seguridad P\u00fablica Municipal, Ariel Parra, inform\u00f3 que el objetivo es agilizar la circulaci\u00f3n, reducir congestionamientos y facilitar los traslados.<\/p>\n<p>&nbsp;<\/p>\n<p>\u201cYo creo que casi todos del 100% tenemos yo creo que un 80, un 20% est\u00e1 trabajando lo normal, pero todos van a arreglar todo para que est\u00e9n directamente sincronizados, sobre todo los de la\u00a0Pesqueira\u201d, afirm\u00f3.<\/p>\n<p>&nbsp;<\/p>\n<p>El funcionario, mencion\u00f3 que ya gestionan estos ajustes con apoyo del gobierno, y destac\u00f3 que la coordinaci\u00f3n de sem\u00e1foros permitir\u00e1 que los automovilistas avancen con mayor fluidez, mejorando la movilidad urbana y la seguridad vial en el municipio.<\/p>\n<p>&nbsp;<\/p>\n<p>&nbsp;<\/p>\n<p>&nbsp;<\/p>\n","protected":false},"excerpt":{"rendered":"<p>En pr\u00f3ximas semanas se contempla una reestructuraci\u00f3n del sistema vial en Navojoa que incluir\u00e1 proyectos de pavimentaci\u00f3n y la sincronizaci\u00f3n de sem\u00e1foros en diversos puntos de la ciudad. &nbsp; El director de Seguridad P\u00fablica Municipal, Ariel Parra, inform\u00f3 que el objetivo es agilizar la circulaci\u00f3n, reducir congestionamientos y facilitar los traslados. &nbsp; \u201cYo creo que [&hellip;]<\/p>\n","protected":false},"author":2,"featured_media":245828,"comment_status":"closed","ping_status":"closed","sticky":false,"template":"","format":"standard","meta":{"footnotes":""},"categories":[12870,174],"tags":[12865,12873],"class_list":["post-245827","post","type-post","status-publish","format-standard","has-post-thumbnail","hentry","category-destacadas","category-estatal","tag-destacadas","tag-estatal"],"jetpack_featured_media_url":"https:\/\/rnoticias.com.mx\/Portal\/wp-content\/uploads\/2026\/02\/Imagen-de-WhatsApp-2023-05-12-a-las-13.37.32-768x456-1.jpg","amp_enabled":true,"_links":{"self":[{"href":"https:\/\/rnoticias.com.mx\/Portal\/wp-json\/wp\/v2\/posts\/245827","targetHints":{"allow":["GET"]}}],"collection":[{"href":"https:\/\/rnoticias.com.mx\/Portal\/wp-json\/wp\/v2\/posts"}],"about":[{"href":"https:\/\/rnoticias.com.mx\/Portal\/wp-json\/wp\/v2\/types\/post"}],"author":[{"embeddable":true,"href":"https:\/\/rnoticias.com.mx\/Portal\/wp-json\/wp\/v2\/users\/2"}],"replies":[{"embeddable":true,"href":"https:\/\/rnoticias.com.mx\/Portal\/wp-json\/wp\/v2\/comments?post=245827"}],"version-history":[{"count":1,"href":"https:\/\/rnoticias.com.mx\/Portal\/wp-json\/wp\/v2\/posts\/245827\/revisions"}],"predecessor-version":[{"id":245829,"href":"https:\/\/rnoticias.com.mx\/Portal\/wp-json\/wp\/v2\/posts\/245827\/revisions\/245829"}],"wp:featuredmedia":[{"embeddable":true,"href":"https:\/\/rnoticias.com.mx\/Portal\/wp-json\/wp\/v2\/media\/245828"}],"wp:attachment":[{"href":"https:\/\/rnoticias.com.mx\/Portal\/wp-json\/wp\/v2\/media?parent=245827"}],"wp:term":[{"taxonomy":"category","embeddable":true,"href":"https:\/\/rnoticias.com.mx\/Portal\/wp-json\/wp\/v2\/categories?post=245827"},{"taxonomy":"post_tag","embeddable":true,"href":"https:\/\/rnoticias.com.mx\/Portal\/wp-json\/wp\/v2\/tags?post=245827"}],"curies":[{"name":"wp","href":"https:\/\/api.w.org\/{rel}","templated":true}]}}