{"id":245740,"date":"2026-02-18T19:49:27","date_gmt":"2026-02-19T02:49:27","guid":{"rendered":"https:\/\/rnoticias.com.mx\/Portal\/?p=245740"},"modified":"2026-02-18T19:49:27","modified_gmt":"2026-02-19T02:49:27","slug":"gobierno-de-mexico-publica-protocolo-para-activacion-de-la-alerta-de-busqueda","status":"publish","type":"post","link":"https:\/\/rnoticias.com.mx\/Portal\/2026\/02\/18\/gobierno-de-mexico-publica-protocolo-para-activacion-de-la-alerta-de-busqueda\/","title":{"rendered":"Gobierno de M\u00e9xico publica protocolo para activaci\u00f3n de la alerta de b\u00fasqueda"},"content":{"rendered":"<p><strong>El protocolo a nivel nacional para la activaci\u00f3n de la Alerta Nacional de B\u00fasqueda<\/strong>, localizaci\u00f3n e identificaci\u00f3n de personas desaparecidas y no localizadas fue publicado este mi\u00e9rcoles por la Secretar\u00eda de Gobernaci\u00f3n (Interior).<\/p>\n<p>El protocolo tiene por objeto\u00a0<strong>&#8220;establecer el funcionamiento y el procedimiento para la activaci\u00f3n y operaci\u00f3n de la alerta (&#8230;) a nivel municipal, estatal y federal, ante la noticia, reporte o denuncia de una persona Desaparecida o No localizada&#8221;.<\/strong><\/p>\n<p>En dicho protocolo, publicado este mi\u00e9rcoles en el Diario Oficial de la Federaci\u00f3n (DOF), y que entrar\u00e1 en vigencia el jueves, se establece que la desaparici\u00f3n y no localizaci\u00f3n de personas &#8220;<strong>exige la actuaci\u00f3n inmediata y coordinada de las autoridades, a fin de garantizar el derecho a la verdad, el acceso a la justicia y la b\u00fasqueda efectiva&#8221;.<\/strong><\/p>\n<p>Adem\u00e1s, se precisa que<strong>\u00a0<\/strong>&#8220;la alerta permanece activa indefinidamente hasta la localizaci\u00f3n confirmada de la persona\u201d, y no existe caducidad temporal&#8221;.<\/p>\n<p>El documento explic\u00f3 que la ficha de b\u00fasqueda ser\u00e1 remitida por la (Comisi\u00f3n Nacional de B\u00fasqueda (CNB)\u00a0<strong>&#8220;de manera inmediata y automatizada&#8221;<\/strong>\u00a0mediante el listado de correos electr\u00f3nicos de asignaci\u00f3n a las Fiscal\u00edas Especializadas, Comisiones Locales de B\u00fasqueda, autoridades y entidades de los tres niveles de gobierno, del sector privado y social, inici\u00e1ndose con ello la Alerta Nacional de B\u00fasqueda.<\/p>\n<p>Adem\u00e1s, las autoridades receptoras deber\u00e1n emitir el acuse de recibo a trav\u00e9s del mismo correo electr\u00f3nico de asignaci\u00f3n,\u00a0<strong>el cual formar\u00e1 parte obligatoria del registro de trazabilidad correspondiente, asimismo deber\u00e1n crear un expediente digital o f\u00edsico de alertamiento con la Ficha de B\u00fasqueda que se les remita.<\/strong><\/p>\n<p>La ficha se difundir\u00e1 p\u00fablicamente a nivel nacional y de manera masiva por todos los medios disponibles,\u00a0<strong>excepto cuando exista una causa razonable o fundada, seg\u00fan sea el caso, por parte de la persona representante o familiar de la persona desaparecida.<\/strong><\/p>\n<p>Mientras que si trata de menores de edad, se observar\u00e1 el inter\u00e9s superior de la ni\u00f1ez y dem\u00e1s disposiciones aplicables.<\/p>\n<p>El texto publicado indic\u00f3 que ante el reporte de la desaparici\u00f3n de una persona,<strong>\u00a0la autoridad que tenga conocimiento del hecho realizar\u00e1 el registro sin dilaci\u00f3n en el Registro Nacional de Personas Desaparecidas y No Localizadas<\/strong>\u00a0(Rnpdno) y, cuando corresponda, en la Base Nacional de Carpetas de Investigaci\u00f3n (BNCI).<\/p>\n<p>Para ello, se generar\u00e1n fichas en formato digital, que deber\u00e1n incluir el nombre completo, edad, sexo y g\u00e9nero de la persona reportada; fotograf\u00eda reciente; fecha y lugar de la desaparici\u00f3n o \u00faltima vez vista;\u00a0<strong>se\u00f1as particulares, rasgos f\u00edsicos distintivos, y se deber\u00e1 aclarar si presenta una condici\u00f3n de vulnerabilidad; datos de contacto, y un folio \u00fanico de identificaci\u00f3n.<\/strong><\/p>\n<p>Tambi\u00e9n se apunt\u00f3 que la CNB podr\u00e1 desarrollar e implementar herramientas tecnol\u00f3gicas adicionales para la administraci\u00f3n y operaci\u00f3n de la Alerta Nacional de B\u00fasqueda.<strong>\u00a0&#8220;Una vez que dichas herramientas entren en funcionamiento, deber\u00e1n integrarse y reflejarse en la actualizaci\u00f3n del presente Protocolo&#8221;.<\/strong><\/p>\n<p><strong>&#8220;El presente Protocolo ser\u00e1 revisado y evaluado, al menos de manera semestral por la CNB, mediante mecanismos de participaci\u00f3n con familias, conforme a las disposiciones aplicables&#8221;<\/strong>, se\u00f1al\u00f3 el documento.<\/p>\n<p>M\u00e9xico enfrenta un procedimiento del Art\u00edculo 34 de la ONU, un mecanismo excepcional que se utiliza ante indicios de desaparici\u00f3n forzada\u00a0<strong>&#8220;generalizada o sistem\u00e1tica&#8221;,<\/strong>\u00a0lo que el Estado ha negado reiteradamente.<\/p>\n<p>M\u00e9xico supera las 133.000 personas desaparecidas, seg\u00fan datos del Rnpdno, que contabiliza las desapariciones desde la d\u00e9cada de 1950.<\/p>\n","protected":false},"excerpt":{"rendered":"<p>El protocolo a nivel nacional para la activaci\u00f3n de la Alerta Nacional de B\u00fasqueda, localizaci\u00f3n e identificaci\u00f3n de personas desaparecidas y no localizadas fue publicado este mi\u00e9rcoles por la Secretar\u00eda de Gobernaci\u00f3n (Interior). El protocolo tiene por objeto\u00a0&#8220;establecer el funcionamiento y el procedimiento para la activaci\u00f3n y operaci\u00f3n de la alerta (&#8230;) a nivel municipal, [&hellip;]<\/p>\n","protected":false},"author":2,"featured_media":245741,"comment_status":"closed","ping_status":"closed","sticky":false,"template":"","format":"standard","meta":{"footnotes":""},"categories":[12870,172],"tags":[12865,12874],"class_list":["post-245740","post","type-post","status-publish","format-standard","has-post-thumbnail","hentry","category-destacadas","category-nacional","tag-destacadas","tag-nacional"],"jetpack_featured_media_url":"https:\/\/rnoticias.com.mx\/Portal\/wp-content\/uploads\/2026\/02\/rss-efefaf56ad7835aafdf84761de821fdb1da5dc89364w.jpg","amp_enabled":true,"_links":{"self":[{"href":"https:\/\/rnoticias.com.mx\/Portal\/wp-json\/wp\/v2\/posts\/245740","targetHints":{"allow":["GET"]}}],"collection":[{"href":"https:\/\/rnoticias.com.mx\/Portal\/wp-json\/wp\/v2\/posts"}],"about":[{"href":"https:\/\/rnoticias.com.mx\/Portal\/wp-json\/wp\/v2\/types\/post"}],"author":[{"embeddable":true,"href":"https:\/\/rnoticias.com.mx\/Portal\/wp-json\/wp\/v2\/users\/2"}],"replies":[{"embeddable":true,"href":"https:\/\/rnoticias.com.mx\/Portal\/wp-json\/wp\/v2\/comments?post=245740"}],"version-history":[{"count":1,"href":"https:\/\/rnoticias.com.mx\/Portal\/wp-json\/wp\/v2\/posts\/245740\/revisions"}],"predecessor-version":[{"id":245742,"href":"https:\/\/rnoticias.com.mx\/Portal\/wp-json\/wp\/v2\/posts\/245740\/revisions\/245742"}],"wp:featuredmedia":[{"embeddable":true,"href":"https:\/\/rnoticias.com.mx\/Portal\/wp-json\/wp\/v2\/media\/245741"}],"wp:attachment":[{"href":"https:\/\/rnoticias.com.mx\/Portal\/wp-json\/wp\/v2\/media?parent=245740"}],"wp:term":[{"taxonomy":"category","embeddable":true,"href":"https:\/\/rnoticias.com.mx\/Portal\/wp-json\/wp\/v2\/categories?post=245740"},{"taxonomy":"post_tag","embeddable":true,"href":"https:\/\/rnoticias.com.mx\/Portal\/wp-json\/wp\/v2\/tags?post=245740"}],"curies":[{"name":"wp","href":"https:\/\/api.w.org\/{rel}","templated":true}]}}