{"id":245704,"date":"2026-02-18T19:12:07","date_gmt":"2026-02-19T02:12:07","guid":{"rendered":"https:\/\/rnoticias.com.mx\/Portal\/?p=245704"},"modified":"2026-02-18T19:12:07","modified_gmt":"2026-02-19T02:12:07","slug":"prestianni-asegura-que-en-ningun-momento-dirigio-insultos-racistas-a-vinicius","status":"publish","type":"post","link":"https:\/\/rnoticias.com.mx\/Portal\/2026\/02\/18\/prestianni-asegura-que-en-ningun-momento-dirigio-insultos-racistas-a-vinicius\/","title":{"rendered":"Prestianni asegura que en ning\u00fan momento dirigi\u00f3 insultos racistas a Vinicius"},"content":{"rendered":"<p>Este martes, durante el triunfo del\u00a0<strong>Real Madrid ante el Benfica\u00a0<\/strong>(1-0) en la ida de los playoffs de la Champions League, el futbolista brasile\u00f1o Vin\u00edcius Jr. denunci\u00f3 insultos racistas por parte del argentino Gianluca Prestianni, quien rompi\u00f3 el silencio con un\u00a0<strong>comunicado en redes sociales<\/strong>\u00a0para negar las acusaciones en su contra.<\/p>\n<p>Con una historia de Instagram donde presume una foto junto al astro brasile\u00f1o en la Champions League, el futbolista argentino comparti\u00f3 su descargo y su versi\u00f3n de los hechos.<\/p>\n<p><strong><em>\u201cQuiero aclarar que en ning\u00fan momento dirig\u00ed insultos racistas al jugador Vin\u00edcius Junior, quien lamentablemente malinterpret\u00f3 lo que cree haber escuchado\u201d<\/em><\/strong>, escribi\u00f3 Prestianni.<\/p>\n<div id=\"eldia-2570823364\" class=\"eldia-contenido eldia-target\" data-eldia-trackid=\"1573641\" data-eldia-trackbid=\"1\"><\/div>\n<div id=\"eldia-609156298\" class=\"eldia-contenido-3 eldia-target\" data-eldia-trackid=\"1863715\" data-eldia-trackbid=\"1\"><\/div>\n<p><strong><em>\u201cJam\u00e1s fui racista con nadie y lamento las amenazas que recib\u00ed de jugadores del Real Madrid\u201d<\/em><\/strong>, agreg\u00f3.<\/p>\n<p>El esc\u00e1ndalo se llev\u00f3 a cabo despu\u00e9s de que Vini anotara el gol del triunfo merengue. Antes de que se reanudara el encuentro, Prestianni le habr\u00eda dicho \u201c<strong><em>mono<\/em><\/strong>\u201d cinco veces al brasile\u00f1o, quien acus\u00f3 la situaci\u00f3n con el \u00e1rbitro, quien activ\u00f3 el protocolo antiracismo que detuvo las acciones por 10 minutos.<\/p>\n<h2 class=\"wp-block-heading\">Mourinho \u201cdefiende\u201d a Prestianni por supuestos insultos racistas<\/h2>\n<p>Al terminar el partido, el director t\u00e9cnico del Benfica, Jos\u00e9 Mourinho, habl\u00f3 sobre el incidente entre su jugador y el goleador del Madrid y revel\u00f3 que ni asegura que Prestianni sea un santo, ni que Vin\u00edcius tenga la raz\u00f3n.<\/p>\n<div class=\"stream-item stream-item-in-post stream-item-inline-post aligncenter\">\n<div class=\"stream-item-size\"><\/div>\n<\/div>\n<p><strong><em>\u201cHe hablado con Vini y me dice una cosa, Prestianni me dice otra. Yo podr\u00eda ser rojo y decir que s\u00f3lo creo en Prestianni, pero he querido ser equilibrado y decir que en este mundo del futbol y en las cosas que pasan en la cancha, yo intento ser equilibrado y no quiero decir que Vini es mentiroso y que Prestianni es un chico incre\u00edble, no he querido decir eso ni lo quiero decir. Lo \u00fanico que digo es que pasa en tantos estadios, siempre con lo mismo, yo a Vini le he dicho, t\u00fa marcas un gol de otro mundo, \u00bfpor qu\u00e9 celebras as\u00ed, por qu\u00e9 no celebras como celebraba Di St\u00e9fano, Pel\u00e9, Eus\u00e9bio, por qu\u00e9 no celebras un gol s\u00f3lo con la alegr\u00eda de ser un jugador de otro mundo?\u201d<\/em><\/strong>, confes\u00f3 Mourinho.<\/p>\n","protected":false},"excerpt":{"rendered":"<p>Este martes, durante el triunfo del\u00a0Real Madrid ante el Benfica\u00a0(1-0) en la ida de los playoffs de la Champions League, el futbolista brasile\u00f1o Vin\u00edcius Jr. denunci\u00f3 insultos racistas por parte del argentino Gianluca Prestianni, quien rompi\u00f3 el silencio con un\u00a0comunicado en redes sociales\u00a0para negar las acusaciones en su contra. Con una historia de Instagram donde [&hellip;]<\/p>\n","protected":false},"author":2,"featured_media":245705,"comment_status":"closed","ping_status":"closed","sticky":false,"template":"","format":"standard","meta":{"footnotes":""},"categories":[188,12870],"tags":[5231,12865],"class_list":["post-245704","post","type-post","status-publish","format-standard","has-post-thumbnail","hentry","category-deportes","category-destacadas","tag-deportes","tag-destacadas"],"jetpack_featured_media_url":"https:\/\/rnoticias.com.mx\/Portal\/wp-content\/uploads\/2026\/02\/e0a285a81bae3bfcf769c526effcc075.webp","amp_enabled":true,"_links":{"self":[{"href":"https:\/\/rnoticias.com.mx\/Portal\/wp-json\/wp\/v2\/posts\/245704","targetHints":{"allow":["GET"]}}],"collection":[{"href":"https:\/\/rnoticias.com.mx\/Portal\/wp-json\/wp\/v2\/posts"}],"about":[{"href":"https:\/\/rnoticias.com.mx\/Portal\/wp-json\/wp\/v2\/types\/post"}],"author":[{"embeddable":true,"href":"https:\/\/rnoticias.com.mx\/Portal\/wp-json\/wp\/v2\/users\/2"}],"replies":[{"embeddable":true,"href":"https:\/\/rnoticias.com.mx\/Portal\/wp-json\/wp\/v2\/comments?post=245704"}],"version-history":[{"count":1,"href":"https:\/\/rnoticias.com.mx\/Portal\/wp-json\/wp\/v2\/posts\/245704\/revisions"}],"predecessor-version":[{"id":245706,"href":"https:\/\/rnoticias.com.mx\/Portal\/wp-json\/wp\/v2\/posts\/245704\/revisions\/245706"}],"wp:featuredmedia":[{"embeddable":true,"href":"https:\/\/rnoticias.com.mx\/Portal\/wp-json\/wp\/v2\/media\/245705"}],"wp:attachment":[{"href":"https:\/\/rnoticias.com.mx\/Portal\/wp-json\/wp\/v2\/media?parent=245704"}],"wp:term":[{"taxonomy":"category","embeddable":true,"href":"https:\/\/rnoticias.com.mx\/Portal\/wp-json\/wp\/v2\/categories?post=245704"},{"taxonomy":"post_tag","embeddable":true,"href":"https:\/\/rnoticias.com.mx\/Portal\/wp-json\/wp\/v2\/tags?post=245704"}],"curies":[{"name":"wp","href":"https:\/\/api.w.org\/{rel}","templated":true}]}}