{"id":245701,"date":"2026-02-18T19:06:24","date_gmt":"2026-02-19T02:06:24","guid":{"rendered":"https:\/\/rnoticias.com.mx\/Portal\/?p=245701"},"modified":"2026-02-18T19:06:24","modified_gmt":"2026-02-19T02:06:24","slug":"el-ine-responde-al-llamado-de-las-autoridades-sanitarias-para-combatir-los-brotes-de-sarampion","status":"publish","type":"post","link":"https:\/\/rnoticias.com.mx\/Portal\/2026\/02\/18\/el-ine-responde-al-llamado-de-las-autoridades-sanitarias-para-combatir-los-brotes-de-sarampion\/","title":{"rendered":"El INE responde al llamado de las autoridades sanitarias para combatir los brotes de sarampi\u00f3n"},"content":{"rendered":"<p class=\"x_MsoNormal\"><span data-olk-copy-source=\"MessageBody\">El Instituto Nacional Electoral (INE) se une al llamado y estrategia de prevenci\u00f3n hechos por las autoridades sanitarias local y nacional, contra los brotes de sarampi\u00f3n, con la finalidad de priorizar, como es la pol\u00edtica del Instituto, la seguridad de todo el personal que labora en sus instalaciones en todo el pa\u00eds.<\/span><\/p>\n<p class=\"x_MsoNormal\">\n<p class=\"x_MsoNormal\">El INE retoma lo establecido en la Constituci\u00f3n Pol\u00edtica de los Estados Unidos Mexicanos, en su Art\u00edculo 1, p\u00e1rrafo tercero, donde dispone que todas las autoridades, en el \u00e1mbito de sus competencias, tienen la obligaci\u00f3n de promover, respetar, proteger y garantizar los Derechos Humanos de conformidad con los principios de universalidad, independencia, indivisibilidad y progresividad.<\/p>\n<p class=\"x_MsoNormal\">\n<p class=\"x_MsoNormal\">El Instituto atiende las disposiciones oficiales y garantiza que sus centros de trabajo mantengan las condiciones necesarias de seguridad e higiene para proteger la salud y la vida del personal, prevenir riesgos y asegurar el adecuado desempe\u00f1o de sus funciones.<\/p>\n<p class=\"x_MsoNormal\">\n<p class=\"x_MsoNormal\">Con base en ello se implementaron acciones institucionales orientadas a evitar el riesgo de contagio de sarampi\u00f3n en las instalaciones del INE, de manera coordinada, eficiente y en estricto cumplimiento de la normatividad aplicable, protegiendo en todo momento la salud del personal y la ciudadan\u00eda.<\/p>\n<p class=\"x_MsoNormal\">\n<p class=\"x_MsoNormal\">Entre estas acciones est\u00e1n la de usar gel antibacterial en la entrada y salida de las instalaciones; una campa\u00f1a de difusi\u00f3n interna sobre la enfermedad y sus medidas de prevenci\u00f3n; evitar contacto f\u00edsico; uso de cubrebocas en \u00e1reas comunes; se intensificar\u00e1 una campa\u00f1a de vacunaci\u00f3n para el personal que no cuente con su esquema completo de inmunidad; y en caso de s\u00edntomas de la enfermedad o de haber estado en contacto con un enfermo, acudir de inmediato al servicio m\u00e9dico y reportarlo.<\/p>\n<p class=\"x_MsoNormal\">\n<p class=\"x_MsoNormal\">Con base en la informaci\u00f3n proporcionada por las autoridades sanitarias, el sarampi\u00f3n es una enfermedad viral altamente contagiosa, con una tasa de trasmisi\u00f3n de entre el 90 % y 95 % en personas no vacunadas y una persona infectada puede trasmitir la enfermedad a m\u00e1s de una decena de hombres o mujeres susceptibles en ausencia de inmunidad.<\/p>\n<p class=\"x_MsoNormal\">\n<p class=\"x_MsoNormal\">En atenci\u00f3n a esta circunstancia y de que en el Instituto se present\u00f3 un contagio aislado de esta enfermedad, el INE implement\u00f3, adem\u00e1s, desde el inicio del brote en 2025 diversas acciones encaminadas a prevenir riesgos de contagio de sarampi\u00f3n en su personal, entre las cuales se encuentra la instrumentaci\u00f3n de una campa\u00f1a de vacunaci\u00f3n en los estados de mayor riesgo de contagio, como es el caso de Chihuahua y Jalisco.<\/p>\n<p class=\"x_MsoNormal\">\n<p class=\"x_MsoNormal\">Adem\u00e1s, como parte de sus medidas de prevenci\u00f3n, el Instituto determin\u00f3 escalar su nivel de prevenci\u00f3n y, en el caso de ser necesario, se adoptar\u00e1n otras medidas como:<\/p>\n<p class=\"x_MsoNormal\">\n<ul type=\"disc\">\n<li class=\"x_MsoNormal\"><b>Trabajo v\u00eda home office:<\/b>\u00a0Durante los pr\u00f3ximos cinco d\u00edas, \u00fanicamente acudir\u00e1n a laborar de manera presencial aquellas personas cuyas funciones requieran estrictamente su presencia en las instalaciones. El resto lo har\u00e1 en la modalidad de home office.<\/li>\n<\/ul>\n<p class=\"x_MsoNormal\">\n<ul type=\"disc\">\n<li class=\"x_MsoNormal\"><b>Jornada de vacunaci\u00f3n:<\/b>\u00a0El pr\u00f3ximo d\u00eda 19 se llevar\u00e1 a cabo una jornada interna de vacunaci\u00f3n contra el sarampi\u00f3n, en el complejo de Tlalpan, dirigida a personas de 49 a\u00f1os o menos que requieran completar o reforzar su esquema de inmunizaci\u00f3n.<\/li>\n<\/ul>\n<p class=\"x_MsoListParagraph\">\n<ul type=\"disc\">\n<li class=\"x_MsoNormal\"><b>Censo y monitoreo preventivo:<\/b>\u00a0Se realizar\u00e1 un censo en las distintas \u00e1reas para la detecci\u00f3n oportuna de posibles s\u00edntomas, a fin de canalizar de inmediato cualquier caso sospechoso a valoraci\u00f3n m\u00e9dica.<\/li>\n<\/ul>\n<p class=\"x_MsoListParagraph\">\n<ul type=\"disc\">\n<li class=\"x_MsoNormal\"><b>Medidas sanitarias reforzadas:<\/b>\u00a0Se evitar\u00e1n aglomeraciones, se reforzar\u00e1 el uso de cubrebocas en espacios cerrados y se promover\u00e1n pr\u00e1cticas de higiene constantes, as\u00ed como la ventilaci\u00f3n adecuada de \u00e1reas comunes.<\/li>\n<\/ul>\n<p class=\"x_MsoNormal\">\n<p class=\"x_MsoNormal\">Para el Instituto estas acciones tienen un car\u00e1cter estrictamente preventivo. Hasta el momento no se tiene registro de nuevos casos dentro de las instalaciones.<\/p>\n<p class=\"x_MsoNormal\">\n<p class=\"x_MsoNormal\">La salud y el bienestar de quienes laboran en el Instituto son una prioridad permanente, por lo que se trabaja diariamente para mantener un entorno laboral seguro y con la aplicaci\u00f3n responsable de medidas de prevenci\u00f3n sanitaria, actuando con prudencia, oportunidad y apego a las recomendaciones m\u00e9dicas.<\/p>\n","protected":false},"excerpt":{"rendered":"<p>El Instituto Nacional Electoral (INE) se une al llamado y estrategia de prevenci\u00f3n hechos por las autoridades sanitarias local y nacional, contra los brotes de sarampi\u00f3n, con la finalidad de priorizar, como es la pol\u00edtica del Instituto, la seguridad de todo el personal que labora en sus instalaciones en todo el pa\u00eds. El INE retoma [&hellip;]<\/p>\n","protected":false},"author":2,"featured_media":245702,"comment_status":"closed","ping_status":"closed","sticky":false,"template":"","format":"standard","meta":{"footnotes":""},"categories":[12870,12868],"tags":[12865,12879],"class_list":["post-245701","post","type-post","status-publish","format-standard","has-post-thumbnail","hentry","category-destacadas","category-politica","tag-destacadas","tag-politica"],"jetpack_featured_media_url":"https:\/\/rnoticias.com.mx\/Portal\/wp-content\/uploads\/2026\/02\/WhatsApp-Image-2026-02-18-at-11.11.17-AM-1080x675-1.jpeg","amp_enabled":true,"_links":{"self":[{"href":"https:\/\/rnoticias.com.mx\/Portal\/wp-json\/wp\/v2\/posts\/245701","targetHints":{"allow":["GET"]}}],"collection":[{"href":"https:\/\/rnoticias.com.mx\/Portal\/wp-json\/wp\/v2\/posts"}],"about":[{"href":"https:\/\/rnoticias.com.mx\/Portal\/wp-json\/wp\/v2\/types\/post"}],"author":[{"embeddable":true,"href":"https:\/\/rnoticias.com.mx\/Portal\/wp-json\/wp\/v2\/users\/2"}],"replies":[{"embeddable":true,"href":"https:\/\/rnoticias.com.mx\/Portal\/wp-json\/wp\/v2\/comments?post=245701"}],"version-history":[{"count":1,"href":"https:\/\/rnoticias.com.mx\/Portal\/wp-json\/wp\/v2\/posts\/245701\/revisions"}],"predecessor-version":[{"id":245703,"href":"https:\/\/rnoticias.com.mx\/Portal\/wp-json\/wp\/v2\/posts\/245701\/revisions\/245703"}],"wp:featuredmedia":[{"embeddable":true,"href":"https:\/\/rnoticias.com.mx\/Portal\/wp-json\/wp\/v2\/media\/245702"}],"wp:attachment":[{"href":"https:\/\/rnoticias.com.mx\/Portal\/wp-json\/wp\/v2\/media?parent=245701"}],"wp:term":[{"taxonomy":"category","embeddable":true,"href":"https:\/\/rnoticias.com.mx\/Portal\/wp-json\/wp\/v2\/categories?post=245701"},{"taxonomy":"post_tag","embeddable":true,"href":"https:\/\/rnoticias.com.mx\/Portal\/wp-json\/wp\/v2\/tags?post=245701"}],"curies":[{"name":"wp","href":"https:\/\/api.w.org\/{rel}","templated":true}]}}