{"id":245695,"date":"2026-02-18T19:02:39","date_gmt":"2026-02-19T02:02:39","guid":{"rendered":"https:\/\/rnoticias.com.mx\/Portal\/?p=245695"},"modified":"2026-02-18T19:02:39","modified_gmt":"2026-02-19T02:02:39","slug":"reconstruccion-del-bulevar-las-torres-necesita-una-inversion-de-300-mdp-javier-lamarque","status":"publish","type":"post","link":"https:\/\/rnoticias.com.mx\/Portal\/2026\/02\/18\/reconstruccion-del-bulevar-las-torres-necesita-una-inversion-de-300-mdp-javier-lamarque\/","title":{"rendered":"Reconstrucci\u00f3n del bulevar Las Torres necesita una inversi\u00f3n de 300 MDP: Javier Lamarque"},"content":{"rendered":"<p>La rehabilitaci\u00f3n del Boulevard Las Torres en Ciudad Obreg\u00f3n, representa uno de los principales retos de infraestructura para el municipio, al requerir una inversi\u00f3n superior a los 300 millones de pesos.<\/p>\n<p>&nbsp;<\/p>\n<p>El alcalde Javier Lamarque Cano explic\u00f3 que ya existe un proyecto t\u00e9cnico, pero su ejecuci\u00f3n depende de la suma de recursos municipales, estatales y federales.<\/p>\n<p>&nbsp;<\/p>\n<p>\u201cHay una gesti\u00f3n en curso con el Gobernador, \u00e9l dijo que nos va a ayudar con un tramo por lo pronto. Es una obra de alto, son m\u00e1s de 300 millones de pesos, osea pr\u00e1cticamente lo que el Ayuntamiento tiene para todo el municipio\u201d, dijo.<\/p>\n<p>&nbsp;<\/p>\n<p>Aclar\u00f3 que no se trata de un arreglo superficial, sino de una reconstrucci\u00f3n integral que incluye el drenaje, con al menos 10 kil\u00f3metros por intervenir.<\/p>\n<p>&nbsp;<\/p>\n<p>Finalmente, Lamarque Cano, declar\u00f3 que mientras se consigue el financiamiento, el Ayuntamiento prev\u00e9 medidas provisionales para mejorar la circulaci\u00f3n, en tanto contin\u00faan las gestiones para iniciar la obra en el corto o mediano plazo.<\/p>\n","protected":false},"excerpt":{"rendered":"<p>La rehabilitaci\u00f3n del Boulevard Las Torres en Ciudad Obreg\u00f3n, representa uno de los principales retos de infraestructura para el municipio, al requerir una inversi\u00f3n superior a los 300 millones de pesos. &nbsp; El alcalde Javier Lamarque Cano explic\u00f3 que ya existe un proyecto t\u00e9cnico, pero su ejecuci\u00f3n depende de la suma de recursos municipales, estatales [&hellip;]<\/p>\n","protected":false},"author":2,"featured_media":245696,"comment_status":"closed","ping_status":"closed","sticky":false,"template":"","format":"standard","meta":{"footnotes":""},"categories":[12870,174],"tags":[12865,12873],"class_list":["post-245695","post","type-post","status-publish","format-standard","has-post-thumbnail","hentry","category-destacadas","category-estatal","tag-destacadas","tag-estatal"],"jetpack_featured_media_url":"https:\/\/rnoticias.com.mx\/Portal\/wp-content\/uploads\/2026\/02\/no-hay-ningun-tramo-bueno-en-bulevard-las-torres-alcalde-17712767420.jpg","amp_enabled":true,"_links":{"self":[{"href":"https:\/\/rnoticias.com.mx\/Portal\/wp-json\/wp\/v2\/posts\/245695","targetHints":{"allow":["GET"]}}],"collection":[{"href":"https:\/\/rnoticias.com.mx\/Portal\/wp-json\/wp\/v2\/posts"}],"about":[{"href":"https:\/\/rnoticias.com.mx\/Portal\/wp-json\/wp\/v2\/types\/post"}],"author":[{"embeddable":true,"href":"https:\/\/rnoticias.com.mx\/Portal\/wp-json\/wp\/v2\/users\/2"}],"replies":[{"embeddable":true,"href":"https:\/\/rnoticias.com.mx\/Portal\/wp-json\/wp\/v2\/comments?post=245695"}],"version-history":[{"count":1,"href":"https:\/\/rnoticias.com.mx\/Portal\/wp-json\/wp\/v2\/posts\/245695\/revisions"}],"predecessor-version":[{"id":245697,"href":"https:\/\/rnoticias.com.mx\/Portal\/wp-json\/wp\/v2\/posts\/245695\/revisions\/245697"}],"wp:featuredmedia":[{"embeddable":true,"href":"https:\/\/rnoticias.com.mx\/Portal\/wp-json\/wp\/v2\/media\/245696"}],"wp:attachment":[{"href":"https:\/\/rnoticias.com.mx\/Portal\/wp-json\/wp\/v2\/media?parent=245695"}],"wp:term":[{"taxonomy":"category","embeddable":true,"href":"https:\/\/rnoticias.com.mx\/Portal\/wp-json\/wp\/v2\/categories?post=245695"},{"taxonomy":"post_tag","embeddable":true,"href":"https:\/\/rnoticias.com.mx\/Portal\/wp-json\/wp\/v2\/tags?post=245695"}],"curies":[{"name":"wp","href":"https:\/\/api.w.org\/{rel}","templated":true}]}}