{"id":245692,"date":"2026-02-18T19:01:29","date_gmt":"2026-02-19T02:01:29","guid":{"rendered":"https:\/\/rnoticias.com.mx\/Portal\/?p=245692"},"modified":"2026-02-18T19:01:29","modified_gmt":"2026-02-19T02:01:29","slug":"nuevo-frente-frio-traera-vientos-fuertes-y-mas-frio-a-sonora","status":"publish","type":"post","link":"https:\/\/rnoticias.com.mx\/Portal\/2026\/02\/18\/nuevo-frente-frio-traera-vientos-fuertes-y-mas-frio-a-sonora\/","title":{"rendered":"Nuevo frente fr\u00edo traer\u00e1 vientos fuertes y m\u00e1s fr\u00edo a Sonora"},"content":{"rendered":"<p>Tras el paso del frente fr\u00edo n\u00famero 35, que dej\u00f3 temperaturas bajo cero en zonas serranas del norte y oriente del estado, Sonora se prepara para la llegada de un nuevo sistema frontal que actualmente se ubica frente a Baja California y comenzar\u00e1 a ingresar al territorio sonorense ma\u00f1ana.<\/p>\n<p>&nbsp;<\/p>\n<p>Gilberto Lagarda V\u00e1zquez, especialista t\u00e9cnico de Comisi\u00f3n Nacional del Agua en Sonora, detall\u00f3 que este frente que ser\u00e1 el 35, generar\u00e1 vientos moderados a fuertes en todo el estado, con rachas superiores a 70 km\/h en el norte y de 40 a 70 km\/h en el centro y sur.<\/p>\n<p>&nbsp;<\/p>\n<p>\u201cSe est\u00e1 provocando una peque\u00f1a posibilidad de lluvia o lloviznas en el norte del estado, estamos hablando de menos del treinta por ciento de lluvias ligeras dispersas para esta regi\u00f3n.\u00a0Ya para ma\u00f1ana pues tendremos condiciones un poco m\u00e1s secas,\u00a0ya a partir del d\u00eda de ma\u00f1ana baja en forma considerable la posibilidad de lluvia para el estado de Sonora\u201d, declar\u00f3.<\/p>\n<p>&nbsp;<\/p>\n<p>Abund\u00f3, que adem\u00e1s, ese nuevo sistema, reforzar\u00e1 el descenso t\u00e9rmico en los pr\u00f3ximos d\u00edas, manteniendo ambiente fr\u00edo por las ma\u00f1anas y noches, con m\u00ednimas de hasta menos 5 grados en regiones serranas.<\/p>\n<p>&nbsp;<\/p>\n","protected":false},"excerpt":{"rendered":"<p>Tras el paso del frente fr\u00edo n\u00famero 35, que dej\u00f3 temperaturas bajo cero en zonas serranas del norte y oriente del estado, Sonora se prepara para la llegada de un nuevo sistema frontal que actualmente se ubica frente a Baja California y comenzar\u00e1 a ingresar al territorio sonorense ma\u00f1ana. &nbsp; Gilberto Lagarda V\u00e1zquez, especialista t\u00e9cnico [&hellip;]<\/p>\n","protected":false},"author":2,"featured_media":245693,"comment_status":"closed","ping_status":"closed","sticky":false,"template":"","format":"standard","meta":{"footnotes":""},"categories":[12870,178],"tags":[12865,12869],"class_list":["post-245692","post","type-post","status-publish","format-standard","has-post-thumbnail","hentry","category-destacadas","category-local","tag-destacadas","tag-local"],"jetpack_featured_media_url":"https:\/\/rnoticias.com.mx\/Portal\/wp-content\/uploads\/2026\/02\/9005.jpg","amp_enabled":true,"_links":{"self":[{"href":"https:\/\/rnoticias.com.mx\/Portal\/wp-json\/wp\/v2\/posts\/245692","targetHints":{"allow":["GET"]}}],"collection":[{"href":"https:\/\/rnoticias.com.mx\/Portal\/wp-json\/wp\/v2\/posts"}],"about":[{"href":"https:\/\/rnoticias.com.mx\/Portal\/wp-json\/wp\/v2\/types\/post"}],"author":[{"embeddable":true,"href":"https:\/\/rnoticias.com.mx\/Portal\/wp-json\/wp\/v2\/users\/2"}],"replies":[{"embeddable":true,"href":"https:\/\/rnoticias.com.mx\/Portal\/wp-json\/wp\/v2\/comments?post=245692"}],"version-history":[{"count":1,"href":"https:\/\/rnoticias.com.mx\/Portal\/wp-json\/wp\/v2\/posts\/245692\/revisions"}],"predecessor-version":[{"id":245694,"href":"https:\/\/rnoticias.com.mx\/Portal\/wp-json\/wp\/v2\/posts\/245692\/revisions\/245694"}],"wp:featuredmedia":[{"embeddable":true,"href":"https:\/\/rnoticias.com.mx\/Portal\/wp-json\/wp\/v2\/media\/245693"}],"wp:attachment":[{"href":"https:\/\/rnoticias.com.mx\/Portal\/wp-json\/wp\/v2\/media?parent=245692"}],"wp:term":[{"taxonomy":"category","embeddable":true,"href":"https:\/\/rnoticias.com.mx\/Portal\/wp-json\/wp\/v2\/categories?post=245692"},{"taxonomy":"post_tag","embeddable":true,"href":"https:\/\/rnoticias.com.mx\/Portal\/wp-json\/wp\/v2\/tags?post=245692"}],"curies":[{"name":"wp","href":"https:\/\/api.w.org\/{rel}","templated":true}]}}