{"id":245671,"date":"2026-02-18T18:00:53","date_gmt":"2026-02-19T01:00:53","guid":{"rendered":"https:\/\/rnoticias.com.mx\/Portal\/?p=245671"},"modified":"2026-02-18T18:00:53","modified_gmt":"2026-02-19T01:00:53","slug":"presidente-de-la-conferencia-del-episcopado-pide-modificar-conductas","status":"publish","type":"post","link":"https:\/\/rnoticias.com.mx\/Portal\/2026\/02\/18\/presidente-de-la-conferencia-del-episcopado-pide-modificar-conductas\/","title":{"rendered":"Presidente de la Conferencia del Episcopado pide modificar conductas"},"content":{"rendered":"<p>El presidente de la\u00a0<strong>Conferencia del Episcopado Mexicano (CEM),<\/strong>\u00a0Ram\u00f3n Castro Castro, dio inicio al tiempo de Cuaresma con el Mi\u00e9rcoles de Ceniza, y en su mensaje afirm\u00f3 que la imposici\u00f3n del sacramental no debe entenderse como un s\u00edmbolo decorativo, sino como una urgencia de conversi\u00f3n interna y reconciliaci\u00f3n ante la crisis social que atraviesa el pa\u00eds.<\/p>\n<p>En su homil\u00eda, en la Catedral de Cuernavaca, el jerarca cat\u00f3lico subray\u00f3 que la frase lit\u00fargica\u00a0<strong><em>\u201cpolvo eres y al polvo volver\u00e1s\u201d\u00a0<\/em><\/strong>sit\u00faa al creyente frente a la verdad de su fragilidad y recuerda que el periodo de 40 d\u00edas que hoy comienza, es una oportunidad de gracia para modificar conductas en una naci\u00f3n marcada por lutos acumulados y comunidades fracturadas por la violencia.<\/p>\n<p>El obispo de Cuernavaca precis\u00f3 que<strong>\u00a0la Cuaresma no puede limitarse a costumbres heredadas o pr\u00e1cticas externas,<\/strong>\u00a0ya que la realidad de M\u00e9xico, definida por j\u00f3venes sin horizonte y una creciente desigualdad, exige que el ayuno y la abstinencia se traduzcan en una reforma espiritual profunda que preceda a cualquier cambio institucional.<\/p>\n<div id=\"eldia-2443044432\" class=\"eldia-contenido-3 eldia-target\" data-eldia-trackid=\"1863715\" data-eldia-trackbid=\"1\"><\/div>\n<p>Castro Castro advirti\u00f3 que ninguna estructura social o pol\u00edtica puede sostenerse sin corazones renovados, y<strong>\u00a0asegur\u00f3 que si no existe una transformaci\u00f3n del interior, las leyes se vac\u00edan y la sociedad se encamina a nuevas fracturas<\/strong>, por lo que inst\u00f3 a los fieles a no desperdiciar este ejercicio de reflexi\u00f3n en momentos de inestabilidad.<\/p>\n","protected":false},"excerpt":{"rendered":"<p>El presidente de la\u00a0Conferencia del Episcopado Mexicano (CEM),\u00a0Ram\u00f3n Castro Castro, dio inicio al tiempo de Cuaresma con el Mi\u00e9rcoles de Ceniza, y en su mensaje afirm\u00f3 que la imposici\u00f3n del sacramental no debe entenderse como un s\u00edmbolo decorativo, sino como una urgencia de conversi\u00f3n interna y reconciliaci\u00f3n ante la crisis social que atraviesa el pa\u00eds. [&hellip;]<\/p>\n","protected":false},"author":2,"featured_media":245672,"comment_status":"closed","ping_status":"closed","sticky":false,"template":"","format":"standard","meta":{"footnotes":""},"categories":[12870,172],"tags":[12865,12874],"class_list":["post-245671","post","type-post","status-publish","format-standard","has-post-thumbnail","hentry","category-destacadas","category-nacional","tag-destacadas","tag-nacional"],"jetpack_featured_media_url":"https:\/\/rnoticias.com.mx\/Portal\/wp-content\/uploads\/2026\/02\/enisc.jpeg","amp_enabled":true,"_links":{"self":[{"href":"https:\/\/rnoticias.com.mx\/Portal\/wp-json\/wp\/v2\/posts\/245671","targetHints":{"allow":["GET"]}}],"collection":[{"href":"https:\/\/rnoticias.com.mx\/Portal\/wp-json\/wp\/v2\/posts"}],"about":[{"href":"https:\/\/rnoticias.com.mx\/Portal\/wp-json\/wp\/v2\/types\/post"}],"author":[{"embeddable":true,"href":"https:\/\/rnoticias.com.mx\/Portal\/wp-json\/wp\/v2\/users\/2"}],"replies":[{"embeddable":true,"href":"https:\/\/rnoticias.com.mx\/Portal\/wp-json\/wp\/v2\/comments?post=245671"}],"version-history":[{"count":1,"href":"https:\/\/rnoticias.com.mx\/Portal\/wp-json\/wp\/v2\/posts\/245671\/revisions"}],"predecessor-version":[{"id":245673,"href":"https:\/\/rnoticias.com.mx\/Portal\/wp-json\/wp\/v2\/posts\/245671\/revisions\/245673"}],"wp:featuredmedia":[{"embeddable":true,"href":"https:\/\/rnoticias.com.mx\/Portal\/wp-json\/wp\/v2\/media\/245672"}],"wp:attachment":[{"href":"https:\/\/rnoticias.com.mx\/Portal\/wp-json\/wp\/v2\/media?parent=245671"}],"wp:term":[{"taxonomy":"category","embeddable":true,"href":"https:\/\/rnoticias.com.mx\/Portal\/wp-json\/wp\/v2\/categories?post=245671"},{"taxonomy":"post_tag","embeddable":true,"href":"https:\/\/rnoticias.com.mx\/Portal\/wp-json\/wp\/v2\/tags?post=245671"}],"curies":[{"name":"wp","href":"https:\/\/api.w.org\/{rel}","templated":true}]}}