{"id":245668,"date":"2026-02-18T17:56:32","date_gmt":"2026-02-19T00:56:32","guid":{"rendered":"https:\/\/rnoticias.com.mx\/Portal\/?p=245668"},"modified":"2026-02-18T17:56:32","modified_gmt":"2026-02-19T00:56:32","slug":"recicla-policia-estatal-para-apoyar-a-la-ninez-en-las-causas-de-reciclando-por-sonrisas","status":"publish","type":"post","link":"https:\/\/rnoticias.com.mx\/Portal\/2026\/02\/18\/recicla-policia-estatal-para-apoyar-a-la-ninez-en-las-causas-de-reciclando-por-sonrisas\/","title":{"rendered":"Recicla Polic\u00eda Estatal para apoyar a la ni\u00f1ez en las causas de \u201cReciclando por Sonrisas\u201d"},"content":{"rendered":"<p>Hermosillo, Sonora; 18 de febrero de 2026.\u2013 La Polic\u00eda Estatal de Seguridad P\u00fablica (PESP) realiza donaciones mensuales en favor de la Ludoteca Ave Badu para fortalecer programas educativos y sociales que cuentan con causa en beneficio de la ni\u00f1ez.<\/p>\n<p>La colaboraci\u00f3n de la corporaci\u00f3n se desarrolla durante la colecta de materiales reciclables, como cart\u00f3n y pl\u00e1sticos, entre otros, que son recolectados en las instalaciones de la Polic\u00eda Estatal, los cuales son entregados cada mes en el punto de recaudaci\u00f3n que promueve Ave Badu en la ciudad.<\/p>\n<p>Esta acci\u00f3n busca no solo promover el cuidado del medio ambiente, sino tambi\u00e9n fortalecer el tejido social a trav\u00e9s del apoyo en las diferentes causas, principalmente para tratamientos m\u00e9dicos de las infancias.<\/p>\n<p>La Polic\u00eda Estatal continuar\u00e1 con esta labor en las colectas mensuales que se desarrollan en la ciudad, combinando su compromiso social con la labor para la prevenci\u00f3n del delito y la seguridad ciudadana.<\/p>\n","protected":false},"excerpt":{"rendered":"<p>Hermosillo, Sonora; 18 de febrero de 2026.\u2013 La Polic\u00eda Estatal de Seguridad P\u00fablica (PESP) realiza donaciones mensuales en favor de la Ludoteca Ave Badu para fortalecer programas educativos y sociales que cuentan con causa en beneficio de la ni\u00f1ez. La colaboraci\u00f3n de la corporaci\u00f3n se desarrolla durante la colecta de materiales reciclables, como cart\u00f3n y [&hellip;]<\/p>\n","protected":false},"author":2,"featured_media":245669,"comment_status":"closed","ping_status":"closed","sticky":false,"template":"","format":"standard","meta":{"footnotes":""},"categories":[12870,178],"tags":[12865,12869],"class_list":["post-245668","post","type-post","status-publish","format-standard","has-post-thumbnail","hentry","category-destacadas","category-local","tag-destacadas","tag-local"],"jetpack_featured_media_url":"https:\/\/rnoticias.com.mx\/Portal\/wp-content\/uploads\/2026\/02\/reci.jpg","amp_enabled":true,"_links":{"self":[{"href":"https:\/\/rnoticias.com.mx\/Portal\/wp-json\/wp\/v2\/posts\/245668","targetHints":{"allow":["GET"]}}],"collection":[{"href":"https:\/\/rnoticias.com.mx\/Portal\/wp-json\/wp\/v2\/posts"}],"about":[{"href":"https:\/\/rnoticias.com.mx\/Portal\/wp-json\/wp\/v2\/types\/post"}],"author":[{"embeddable":true,"href":"https:\/\/rnoticias.com.mx\/Portal\/wp-json\/wp\/v2\/users\/2"}],"replies":[{"embeddable":true,"href":"https:\/\/rnoticias.com.mx\/Portal\/wp-json\/wp\/v2\/comments?post=245668"}],"version-history":[{"count":1,"href":"https:\/\/rnoticias.com.mx\/Portal\/wp-json\/wp\/v2\/posts\/245668\/revisions"}],"predecessor-version":[{"id":245670,"href":"https:\/\/rnoticias.com.mx\/Portal\/wp-json\/wp\/v2\/posts\/245668\/revisions\/245670"}],"wp:featuredmedia":[{"embeddable":true,"href":"https:\/\/rnoticias.com.mx\/Portal\/wp-json\/wp\/v2\/media\/245669"}],"wp:attachment":[{"href":"https:\/\/rnoticias.com.mx\/Portal\/wp-json\/wp\/v2\/media?parent=245668"}],"wp:term":[{"taxonomy":"category","embeddable":true,"href":"https:\/\/rnoticias.com.mx\/Portal\/wp-json\/wp\/v2\/categories?post=245668"},{"taxonomy":"post_tag","embeddable":true,"href":"https:\/\/rnoticias.com.mx\/Portal\/wp-json\/wp\/v2\/tags?post=245668"}],"curies":[{"name":"wp","href":"https:\/\/api.w.org\/{rel}","templated":true}]}}