{"id":245662,"date":"2026-02-18T17:49:14","date_gmt":"2026-02-19T00:49:14","guid":{"rendered":"https:\/\/rnoticias.com.mx\/Portal\/?p=245662"},"modified":"2026-02-18T17:49:14","modified_gmt":"2026-02-19T00:49:14","slug":"hermosillenses-acuden-a-catedral-por-ceniza-cuaresmal","status":"publish","type":"post","link":"https:\/\/rnoticias.com.mx\/Portal\/2026\/02\/18\/hermosillenses-acuden-a-catedral-por-ceniza-cuaresmal\/","title":{"rendered":"Hermosillenses acuden a Catedral por ceniza cuaresmal"},"content":{"rendered":"<p>Hermosillo, Sonora. Este mi\u00e9rcoles 18 de febrero, decenas de hermosillenses acudieron desde temprana hora a la Catedral Metropolitana de Nuestra Se\u00f1ora de la Asunci\u00f3n para recibir la imposici\u00f3n de ceniza, acto con el que la Iglesia Cat\u00f3lica marca el inicio de la Cuaresma y el camino hacia la Semana Santa.<\/p>\n<p>&nbsp;<\/p>\n<p>Desde las primeras horas del d\u00eda, fieles se congregaron en el templo que se ubica sobre la Plaza Zaragoza en pleno centro historico, para participar en las celebraciones lit\u00fargicas y recibir el s\u00edmbolo de penitencia y conversi\u00f3n que recuerda la fragilidad humana y la necesidad de renovaci\u00f3n espiritual.<\/p>\n<p>&nbsp;<\/p>\n<p>La jornada se replic\u00f3 en parroquias de la ciudad con distintos horarios para facilitar la asistencia de la comunidad, en un periodo de cuarenta d\u00edas que prepara a los creyentes para la Pascua.<\/p>\n<p>&nbsp;<\/p>\n<p>Autoridades religiosas, destacaron que la ceniza representa un llamado a la reflexi\u00f3n, al ayuno, la oraci\u00f3n y la caridad, pr\u00e1cticas tradicionales de este tiempo lit\u00fargico.<\/p>\n","protected":false},"excerpt":{"rendered":"<p>Hermosillo, Sonora. Este mi\u00e9rcoles 18 de febrero, decenas de hermosillenses acudieron desde temprana hora a la Catedral Metropolitana de Nuestra Se\u00f1ora de la Asunci\u00f3n para recibir la imposici\u00f3n de ceniza, acto con el que la Iglesia Cat\u00f3lica marca el inicio de la Cuaresma y el camino hacia la Semana Santa. &nbsp; Desde las primeras horas [&hellip;]<\/p>\n","protected":false},"author":2,"featured_media":245663,"comment_status":"closed","ping_status":"closed","sticky":false,"template":"","format":"standard","meta":{"footnotes":""},"categories":[12870,178],"tags":[12865,12869],"class_list":["post-245662","post","type-post","status-publish","format-standard","has-post-thumbnail","hentry","category-destacadas","category-local","tag-destacadas","tag-local"],"jetpack_featured_media_url":"https:\/\/rnoticias.com.mx\/Portal\/wp-content\/uploads\/2026\/02\/cen.jpeg","amp_enabled":true,"_links":{"self":[{"href":"https:\/\/rnoticias.com.mx\/Portal\/wp-json\/wp\/v2\/posts\/245662","targetHints":{"allow":["GET"]}}],"collection":[{"href":"https:\/\/rnoticias.com.mx\/Portal\/wp-json\/wp\/v2\/posts"}],"about":[{"href":"https:\/\/rnoticias.com.mx\/Portal\/wp-json\/wp\/v2\/types\/post"}],"author":[{"embeddable":true,"href":"https:\/\/rnoticias.com.mx\/Portal\/wp-json\/wp\/v2\/users\/2"}],"replies":[{"embeddable":true,"href":"https:\/\/rnoticias.com.mx\/Portal\/wp-json\/wp\/v2\/comments?post=245662"}],"version-history":[{"count":1,"href":"https:\/\/rnoticias.com.mx\/Portal\/wp-json\/wp\/v2\/posts\/245662\/revisions"}],"predecessor-version":[{"id":245664,"href":"https:\/\/rnoticias.com.mx\/Portal\/wp-json\/wp\/v2\/posts\/245662\/revisions\/245664"}],"wp:featuredmedia":[{"embeddable":true,"href":"https:\/\/rnoticias.com.mx\/Portal\/wp-json\/wp\/v2\/media\/245663"}],"wp:attachment":[{"href":"https:\/\/rnoticias.com.mx\/Portal\/wp-json\/wp\/v2\/media?parent=245662"}],"wp:term":[{"taxonomy":"category","embeddable":true,"href":"https:\/\/rnoticias.com.mx\/Portal\/wp-json\/wp\/v2\/categories?post=245662"},{"taxonomy":"post_tag","embeddable":true,"href":"https:\/\/rnoticias.com.mx\/Portal\/wp-json\/wp\/v2\/tags?post=245662"}],"curies":[{"name":"wp","href":"https:\/\/api.w.org\/{rel}","templated":true}]}}