{"id":245632,"date":"2026-02-18T14:36:27","date_gmt":"2026-02-18T21:36:27","guid":{"rendered":"https:\/\/rnoticias.com.mx\/Portal\/?p=245632"},"modified":"2026-02-18T14:36:27","modified_gmt":"2026-02-18T21:36:27","slug":"fortalece-gobierno-de-sonora-infraestructura-de-la-ues-navojoa","status":"publish","type":"post","link":"https:\/\/rnoticias.com.mx\/Portal\/2026\/02\/18\/fortalece-gobierno-de-sonora-infraestructura-de-la-ues-navojoa\/","title":{"rendered":"Fortalece Gobierno de Sonora infraestructura de la UES Navojoa"},"content":{"rendered":"<p>Navojoa, Sonora; 18 de febrero de 2026.- En beneficio directo de estudiantes y comunidad universitaria, el Gobierno de Sonora fortalece la infraestructura de la Unidad Acad\u00e9mica Navojoa de la Universidad Estatal de Sonora (UES), con la rehabilitaci\u00f3n del asfalto interior, impulsando espacios seguros y funcionales para su desarrollo acad\u00e9mico.<\/p>\n<p>Como parte del compromiso del gobernador Alfonso Durazo con la educaci\u00f3n superior y derivado de las gestiones de la rectora Martha Patricia Pati\u00f1o Fierro, dieron inicio los trabajos de reparaci\u00f3n del asfalto al interior de la unidad, mejorando la movilidad y seguridad de quienes diariamente acuden a clases.<\/p>\n<p>Estas acciones se realizan con el respaldo del Ayuntamiento de Navojoa, encabezado por el presidente municipal Jorge Alberto El\u00edas Retes, en una muestra de coordinaci\u00f3n interinstitucional que prioriza el bienestar de la comunidad estudiantil.<\/p>\n<p>Pati\u00f1o Fierro destac\u00f3 que mantener instalaciones dignas es fundamental para el desempe\u00f1o acad\u00e9mico y la formaci\u00f3n integral de las y los j\u00f3venes sonorenses, al contar con entornos adecuados y seguros.<\/p>\n<p>El mandatario estatal ha reiterado que la inversi\u00f3n en infraestructura educativa es clave para garantizar oportunidades de calidad a las nuevas generaciones y fortalecer el desarrollo regional.<\/p>\n<p>Con estas acciones, la UES refrenda su compromiso de continuar trabajando en unidad para ofrecer mejores condiciones a estudiantes y contribuir al progreso de la sociedad sonorense.<\/p>\n","protected":false},"excerpt":{"rendered":"<p>Navojoa, Sonora; 18 de febrero de 2026.- En beneficio directo de estudiantes y comunidad universitaria, el Gobierno de Sonora fortalece la infraestructura de la Unidad Acad\u00e9mica Navojoa de la Universidad Estatal de Sonora (UES), con la rehabilitaci\u00f3n del asfalto interior, impulsando espacios seguros y funcionales para su desarrollo acad\u00e9mico. Como parte del compromiso del gobernador [&hellip;]<\/p>\n","protected":false},"author":2,"featured_media":245633,"comment_status":"closed","ping_status":"closed","sticky":false,"template":"","format":"standard","meta":{"footnotes":""},"categories":[12870,174],"tags":[12865,12873],"class_list":["post-245632","post","type-post","status-publish","format-standard","has-post-thumbnail","hentry","category-destacadas","category-estatal","tag-destacadas","tag-estatal"],"jetpack_featured_media_url":"https:\/\/rnoticias.com.mx\/Portal\/wp-content\/uploads\/2026\/02\/ues.jpg","amp_enabled":true,"_links":{"self":[{"href":"https:\/\/rnoticias.com.mx\/Portal\/wp-json\/wp\/v2\/posts\/245632","targetHints":{"allow":["GET"]}}],"collection":[{"href":"https:\/\/rnoticias.com.mx\/Portal\/wp-json\/wp\/v2\/posts"}],"about":[{"href":"https:\/\/rnoticias.com.mx\/Portal\/wp-json\/wp\/v2\/types\/post"}],"author":[{"embeddable":true,"href":"https:\/\/rnoticias.com.mx\/Portal\/wp-json\/wp\/v2\/users\/2"}],"replies":[{"embeddable":true,"href":"https:\/\/rnoticias.com.mx\/Portal\/wp-json\/wp\/v2\/comments?post=245632"}],"version-history":[{"count":1,"href":"https:\/\/rnoticias.com.mx\/Portal\/wp-json\/wp\/v2\/posts\/245632\/revisions"}],"predecessor-version":[{"id":245634,"href":"https:\/\/rnoticias.com.mx\/Portal\/wp-json\/wp\/v2\/posts\/245632\/revisions\/245634"}],"wp:featuredmedia":[{"embeddable":true,"href":"https:\/\/rnoticias.com.mx\/Portal\/wp-json\/wp\/v2\/media\/245633"}],"wp:attachment":[{"href":"https:\/\/rnoticias.com.mx\/Portal\/wp-json\/wp\/v2\/media?parent=245632"}],"wp:term":[{"taxonomy":"category","embeddable":true,"href":"https:\/\/rnoticias.com.mx\/Portal\/wp-json\/wp\/v2\/categories?post=245632"},{"taxonomy":"post_tag","embeddable":true,"href":"https:\/\/rnoticias.com.mx\/Portal\/wp-json\/wp\/v2\/tags?post=245632"}],"curies":[{"name":"wp","href":"https:\/\/api.w.org\/{rel}","templated":true}]}}