{"id":245572,"date":"2026-02-17T20:19:47","date_gmt":"2026-02-18T03:19:47","guid":{"rendered":"https:\/\/rnoticias.com.mx\/Portal\/?p=245572"},"modified":"2026-02-17T20:19:47","modified_gmt":"2026-02-18T03:19:47","slug":"gobierno-de-sonora-fortalece-el-bienestar-de-la-comunidad-guarijio-makurawe-con-entrega-de-apoyos-sociales-en-mesa-colorada","status":"publish","type":"post","link":"https:\/\/rnoticias.com.mx\/Portal\/2026\/02\/17\/gobierno-de-sonora-fortalece-el-bienestar-de-la-comunidad-guarijio-makurawe-con-entrega-de-apoyos-sociales-en-mesa-colorada\/","title":{"rendered":"Gobierno de Sonora fortalece el bienestar de la comunidad Guarij\u00edo &#8211; Makurawe con entrega de apoyos sociales en Mesa Colorada"},"content":{"rendered":"<p>\u00c1lamos, Sonora; 17 de febrero de 2026.\u2013 El Gobierno de Sonora, en cumplimiento a la instrucci\u00f3n del gobernador Alfonso Durazo Monta\u00f1o de impulsar acciones que fortalezcan el bienestar y la inclusi\u00f3n de los pueblos originarios, a trav\u00e9s del Sistema DIF Sonora, realiz\u00f3 la entrega de apoyos sociales en la localidad de Mesa Colorada, en beneficio de familias de la comunidad Guarij\u00edo Makurawe.<\/p>\n<p>Como parte de la \u201cJornada en tu comunidad\u201d, se distribuyeron m\u00e1s de 500 canastas alimentarias para contribuir al fortalecimiento alimentario de las familias de esta y otras localidades cercanas, favoreciendo su nutrici\u00f3n y bienestar. Asimismo, se entregaron bicicletas, cobijas, lentes y dulces, apoyos que benefician principalmente a ni\u00f1as, ni\u00f1os y adolescentes, promoviendo su desarrollo y mejores condiciones de vida.<\/p>\n<p>La directora general de DIF Sonora, Lizeth V\u00e1squez Ochoa, encabez\u00f3 esta jornada que tiene como prop\u00f3sito fortalecer el trabajo coordinado en favor de la inclusi\u00f3n, el bienestar y la atenci\u00f3n integral de las personas de los pueblos originarios, contribuyendo a mejorar sus condiciones de vida mediante acciones directas y cercanas a la comunidad.<\/p>\n<p>Mencion\u00f3 que desde la administraci\u00f3n de la presidenta Claudia Sheinbaum, en Sonora con el gobernador Alfonso Durazo y a trav\u00e9s de DIF Sonora, se trabaja para que los apoyos lleguen a quienes de verdad se encuentran en situaci\u00f3n de vulnerabilidad.<\/p>\n<p>De manera coordinada con el Registro Civil, tambi\u00e9n se brind\u00f3 el servicio de expedici\u00f3n de actas de nacimiento, garantizando el derecho a la identidad y facilitando el acceso a servicios, programas sociales y oportunidades que contribuyen a su desarrollo integral.<\/p>\n","protected":false},"excerpt":{"rendered":"<p>\u00c1lamos, Sonora; 17 de febrero de 2026.\u2013 El Gobierno de Sonora, en cumplimiento a la instrucci\u00f3n del gobernador Alfonso Durazo Monta\u00f1o de impulsar acciones que fortalezcan el bienestar y la inclusi\u00f3n de los pueblos originarios, a trav\u00e9s del Sistema DIF Sonora, realiz\u00f3 la entrega de apoyos sociales en la localidad de Mesa Colorada, en beneficio [&hellip;]<\/p>\n","protected":false},"author":2,"featured_media":245573,"comment_status":"closed","ping_status":"closed","sticky":false,"template":"","format":"standard","meta":{"footnotes":""},"categories":[174],"tags":[12873],"class_list":["post-245572","post","type-post","status-publish","format-standard","has-post-thumbnail","hentry","category-estatal","tag-estatal"],"jetpack_featured_media_url":"https:\/\/rnoticias.com.mx\/Portal\/wp-content\/uploads\/2026\/02\/1w.jpg","amp_enabled":true,"_links":{"self":[{"href":"https:\/\/rnoticias.com.mx\/Portal\/wp-json\/wp\/v2\/posts\/245572","targetHints":{"allow":["GET"]}}],"collection":[{"href":"https:\/\/rnoticias.com.mx\/Portal\/wp-json\/wp\/v2\/posts"}],"about":[{"href":"https:\/\/rnoticias.com.mx\/Portal\/wp-json\/wp\/v2\/types\/post"}],"author":[{"embeddable":true,"href":"https:\/\/rnoticias.com.mx\/Portal\/wp-json\/wp\/v2\/users\/2"}],"replies":[{"embeddable":true,"href":"https:\/\/rnoticias.com.mx\/Portal\/wp-json\/wp\/v2\/comments?post=245572"}],"version-history":[{"count":1,"href":"https:\/\/rnoticias.com.mx\/Portal\/wp-json\/wp\/v2\/posts\/245572\/revisions"}],"predecessor-version":[{"id":245574,"href":"https:\/\/rnoticias.com.mx\/Portal\/wp-json\/wp\/v2\/posts\/245572\/revisions\/245574"}],"wp:featuredmedia":[{"embeddable":true,"href":"https:\/\/rnoticias.com.mx\/Portal\/wp-json\/wp\/v2\/media\/245573"}],"wp:attachment":[{"href":"https:\/\/rnoticias.com.mx\/Portal\/wp-json\/wp\/v2\/media?parent=245572"}],"wp:term":[{"taxonomy":"category","embeddable":true,"href":"https:\/\/rnoticias.com.mx\/Portal\/wp-json\/wp\/v2\/categories?post=245572"},{"taxonomy":"post_tag","embeddable":true,"href":"https:\/\/rnoticias.com.mx\/Portal\/wp-json\/wp\/v2\/tags?post=245572"}],"curies":[{"name":"wp","href":"https:\/\/api.w.org\/{rel}","templated":true}]}}