{"id":245554,"date":"2026-02-17T20:13:56","date_gmt":"2026-02-18T03:13:56","guid":{"rendered":"https:\/\/rnoticias.com.mx\/Portal\/?p=245554"},"modified":"2026-02-17T20:13:56","modified_gmt":"2026-02-18T03:13:56","slug":"policia-estatal-y-prevencion-del-delito-comparten-acciones-de-seguridad-en-comunidades-del-desierto-de-sonora","status":"publish","type":"post","link":"https:\/\/rnoticias.com.mx\/Portal\/2026\/02\/17\/policia-estatal-y-prevencion-del-delito-comparten-acciones-de-seguridad-en-comunidades-del-desierto-de-sonora\/","title":{"rendered":"Polic\u00eda Estatal y Prevenci\u00f3n del Delito comparten acciones de seguridad en comunidades del desierto de Sonora"},"content":{"rendered":"<p>Altar, Sonora; 17 de febrero de 2026.- Arranca la semana con trabajo preventivo en municipios del desierto de Sonora, a trav\u00e9s de las actividades de la Polic\u00eda Estatal de Seguridad P\u00fablica (PESP) y el Centro Estatal de Prevenci\u00f3n del Delito y Participaci\u00f3n Ciudadana del Gobierno de Sonora.<\/p>\n<p>Con la estrategia preventiva de la Secretar\u00eda de Seguridad y Participaci\u00f3n Ciudadana (SSPC) se busca compartir la cultura de la paz con m\u00e1s de tres mil ni\u00f1as y ni\u00f1os de Altar, municipio al que personal de Proximidad Ciudadana de la PESP y Prevenci\u00f3n del Delito se traslad\u00f3 para arrancar desde el lunes 16 de febrero una jornada preventiva en las comunidades, iniciando en la primaria Ra\u00fal Ponce Derat, en la colonia Buenos Aires.<\/p>\n<p>Los polic\u00edas estatales de Proximidad Ciudadana compartieron desde hoy el programa de Promotores por la Paz en planteles educativos, el cual estar\u00e1n compartiendo con la infancia de primaria y secundaria, adem\u00e1s de platicar con padres de familia y ciudadan\u00eda en la plaza p\u00fablica del municipio para informar sobre la prevenci\u00f3n de la violencia, uso de la l\u00ednea de emergencias 9-1-1, 089 para denuncia an\u00f3nima y las herramientas de seguridad como la aplicaci\u00f3n Mujeres Seguras y Antiextorsi\u00f3n Sonora.<\/p>\n<p>Estas acciones son parte de la Jornada Permanente por la Paz que impulsa el Gobierno de Sonora para realizar estrategias enfocadas en reducir la incidencia delictiva y generar entornos seguros con la participaci\u00f3n activa de la ciudadan\u00eda.<\/p>\n","protected":false},"excerpt":{"rendered":"<p>Altar, Sonora; 17 de febrero de 2026.- Arranca la semana con trabajo preventivo en municipios del desierto de Sonora, a trav\u00e9s de las actividades de la Polic\u00eda Estatal de Seguridad P\u00fablica (PESP) y el Centro Estatal de Prevenci\u00f3n del Delito y Participaci\u00f3n Ciudadana del Gobierno de Sonora. Con la estrategia preventiva de la Secretar\u00eda de [&hellip;]<\/p>\n","protected":false},"author":2,"featured_media":245555,"comment_status":"closed","ping_status":"closed","sticky":false,"template":"","format":"standard","meta":{"footnotes":""},"categories":[174],"tags":[12873],"class_list":["post-245554","post","type-post","status-publish","format-standard","has-post-thumbnail","hentry","category-estatal","tag-estatal"],"jetpack_featured_media_url":"https:\/\/rnoticias.com.mx\/Portal\/wp-content\/uploads\/2026\/02\/58.jpg","amp_enabled":true,"_links":{"self":[{"href":"https:\/\/rnoticias.com.mx\/Portal\/wp-json\/wp\/v2\/posts\/245554","targetHints":{"allow":["GET"]}}],"collection":[{"href":"https:\/\/rnoticias.com.mx\/Portal\/wp-json\/wp\/v2\/posts"}],"about":[{"href":"https:\/\/rnoticias.com.mx\/Portal\/wp-json\/wp\/v2\/types\/post"}],"author":[{"embeddable":true,"href":"https:\/\/rnoticias.com.mx\/Portal\/wp-json\/wp\/v2\/users\/2"}],"replies":[{"embeddable":true,"href":"https:\/\/rnoticias.com.mx\/Portal\/wp-json\/wp\/v2\/comments?post=245554"}],"version-history":[{"count":1,"href":"https:\/\/rnoticias.com.mx\/Portal\/wp-json\/wp\/v2\/posts\/245554\/revisions"}],"predecessor-version":[{"id":245556,"href":"https:\/\/rnoticias.com.mx\/Portal\/wp-json\/wp\/v2\/posts\/245554\/revisions\/245556"}],"wp:featuredmedia":[{"embeddable":true,"href":"https:\/\/rnoticias.com.mx\/Portal\/wp-json\/wp\/v2\/media\/245555"}],"wp:attachment":[{"href":"https:\/\/rnoticias.com.mx\/Portal\/wp-json\/wp\/v2\/media?parent=245554"}],"wp:term":[{"taxonomy":"category","embeddable":true,"href":"https:\/\/rnoticias.com.mx\/Portal\/wp-json\/wp\/v2\/categories?post=245554"},{"taxonomy":"post_tag","embeddable":true,"href":"https:\/\/rnoticias.com.mx\/Portal\/wp-json\/wp\/v2\/tags?post=245554"}],"curies":[{"name":"wp","href":"https:\/\/api.w.org\/{rel}","templated":true}]}}