{"id":245533,"date":"2026-02-17T20:07:59","date_gmt":"2026-02-18T03:07:59","guid":{"rendered":"https:\/\/rnoticias.com.mx\/Portal\/?p=245533"},"modified":"2026-02-17T20:07:59","modified_gmt":"2026-02-18T03:07:59","slug":"concientiza-secretaria-de-seguridad-a-juventud-de-alamos-sobre-riesgos-y-consecuencias-de-conductas-antisociales","status":"publish","type":"post","link":"https:\/\/rnoticias.com.mx\/Portal\/2026\/02\/17\/concientiza-secretaria-de-seguridad-a-juventud-de-alamos-sobre-riesgos-y-consecuencias-de-conductas-antisociales\/","title":{"rendered":"Concientiza Secretar\u00eda de Seguridad a juventud de \u00c1lamos sobre riesgos y consecuencias de conductas antisociales"},"content":{"rendered":"<p>San Bernardo, \u00c1lamos, Sonora; 17 de febrero de 2026.- Para crear conciencia entre las y los j\u00f3venes sobre los peligros de participar en actividades il\u00edcitas y promover el rechazo a toda forma de violencia, la Secretar\u00eda de Seguridad y Protecci\u00f3n Ciudadana (SSPC) Sonora imparti\u00f3 pl\u00e1tica a estudiantes de la Telesecundaria ubicada en la comunidad de San Bernardo, \u00c1lamos.<\/p>\n<p>Como parte del trabajo permanente para fomentar la Cultura de la Paz, la SSPC Sonora diariamente recorre centros educativos para informar a ni\u00f1as, ni\u00f1os y adolescentes sobre las consecuencias de la violencia y las conductas antisociales.<\/p>\n<p>Con la intervenci\u00f3n directa de los equipos del Centro Estatal de Prevenci\u00f3n del Delito y Participaci\u00f3n Ciudadana, se orient\u00f3 a la juventud de San Bernardo sobre las implicaciones legales de involucrarse en actividades delictivas.<\/p>\n<p>Adem\u00e1s, en una actividad conjunta, personal de la Secretar\u00eda de las Mujeres visualiz\u00f3 la importancia de identificar los tipos de violencia y solicitar ayuda de inmediato, as\u00ed como poner al servicio herramientas preventivas como la App Mujeres Seguras.<\/p>\n<p>Ambas instituciones suman voluntades para invitar a las y los j\u00f3venes a ser Promotores de la Paz y colaborar en la generaci\u00f3n de entornos seguros tanto en la escuela como en sus hogares y comunidad.<\/p>\n","protected":false},"excerpt":{"rendered":"<p>San Bernardo, \u00c1lamos, Sonora; 17 de febrero de 2026.- Para crear conciencia entre las y los j\u00f3venes sobre los peligros de participar en actividades il\u00edcitas y promover el rechazo a toda forma de violencia, la Secretar\u00eda de Seguridad y Protecci\u00f3n Ciudadana (SSPC) Sonora imparti\u00f3 pl\u00e1tica a estudiantes de la Telesecundaria ubicada en la comunidad de [&hellip;]<\/p>\n","protected":false},"author":2,"featured_media":245534,"comment_status":"closed","ping_status":"closed","sticky":false,"template":"","format":"standard","meta":{"footnotes":""},"categories":[12870,174],"tags":[12865,12873],"class_list":["post-245533","post","type-post","status-publish","format-standard","has-post-thumbnail","hentry","category-destacadas","category-estatal","tag-destacadas","tag-estatal"],"jetpack_featured_media_url":"https:\/\/rnoticias.com.mx\/Portal\/wp-content\/uploads\/2026\/02\/unnamed-49.jpg","amp_enabled":true,"_links":{"self":[{"href":"https:\/\/rnoticias.com.mx\/Portal\/wp-json\/wp\/v2\/posts\/245533","targetHints":{"allow":["GET"]}}],"collection":[{"href":"https:\/\/rnoticias.com.mx\/Portal\/wp-json\/wp\/v2\/posts"}],"about":[{"href":"https:\/\/rnoticias.com.mx\/Portal\/wp-json\/wp\/v2\/types\/post"}],"author":[{"embeddable":true,"href":"https:\/\/rnoticias.com.mx\/Portal\/wp-json\/wp\/v2\/users\/2"}],"replies":[{"embeddable":true,"href":"https:\/\/rnoticias.com.mx\/Portal\/wp-json\/wp\/v2\/comments?post=245533"}],"version-history":[{"count":1,"href":"https:\/\/rnoticias.com.mx\/Portal\/wp-json\/wp\/v2\/posts\/245533\/revisions"}],"predecessor-version":[{"id":245535,"href":"https:\/\/rnoticias.com.mx\/Portal\/wp-json\/wp\/v2\/posts\/245533\/revisions\/245535"}],"wp:featuredmedia":[{"embeddable":true,"href":"https:\/\/rnoticias.com.mx\/Portal\/wp-json\/wp\/v2\/media\/245534"}],"wp:attachment":[{"href":"https:\/\/rnoticias.com.mx\/Portal\/wp-json\/wp\/v2\/media?parent=245533"}],"wp:term":[{"taxonomy":"category","embeddable":true,"href":"https:\/\/rnoticias.com.mx\/Portal\/wp-json\/wp\/v2\/categories?post=245533"},{"taxonomy":"post_tag","embeddable":true,"href":"https:\/\/rnoticias.com.mx\/Portal\/wp-json\/wp\/v2\/tags?post=245533"}],"curies":[{"name":"wp","href":"https:\/\/api.w.org\/{rel}","templated":true}]}}