{"id":245527,"date":"2026-02-17T19:37:49","date_gmt":"2026-02-18T02:37:49","guid":{"rendered":"https:\/\/rnoticias.com.mx\/Portal\/?p=245527"},"modified":"2026-02-17T19:37:49","modified_gmt":"2026-02-18T02:37:49","slug":"ine-declara-improcedentes-medidas-cautelares-en-asunto-de-vpmrg-y-da-vista-por-posible-afectacion-al-interes-superior-de-la-ninez","status":"publish","type":"post","link":"https:\/\/rnoticias.com.mx\/Portal\/2026\/02\/17\/ine-declara-improcedentes-medidas-cautelares-en-asunto-de-vpmrg-y-da-vista-por-posible-afectacion-al-interes-superior-de-la-ninez\/","title":{"rendered":"INE declara improcedentes medidas cautelares en asunto de VPMRG y da vista por posible afectaci\u00f3n al inter\u00e9s superior de la ni\u00f1ez"},"content":{"rendered":"<p class=\"x_MsoNormal\"><span data-olk-copy-source=\"MessageBody\">La Comisi\u00f3n de Quejas y Denuncias del Instituto Nacional Electoral (INE), resolvi\u00f3 dos medidas cautelares; una por posible Violencia Pol\u00edtica contra las Mujeres en Raz\u00f3n de G\u00e9nero (VPMRG) y la vulneraci\u00f3n al Inter\u00e9s Superior de la Ni\u00f1ez, y otra por la posible vulneraci\u00f3n a los principios de independencia e imparcialidad en la integraci\u00f3n de los \u00f3rganos electorales que participar\u00e1n en el Proceso Electoral Local 2025-2026 en Coahuila.<\/span><\/p>\n<p class=\"x_MsoNormal\">\n<p class=\"x_MsoNormal\">En el primer asunto, una mujer que ocupa el cargo de Magistrada de Circuito denunci\u00f3 hechos que podr\u00edan constituir VPMRG en su contra, derivado de la publicaci\u00f3n de un video en junio de 2025 y replicado en diversos perfiles de la red social Facebook el cual, a decir de la quejosa, se difundi\u00f3 pretendiendo desacreditarla como candidata y ahora como juzgadora federal, al cuestionar su rol de madre y capacidades o habilidades en el ejercicio del cargo, aunado a que en el mismo se identifica plenamente a una persona menor de edad, vulnerando el Inter\u00e9s Superior de la\u00a0 Ni\u00f1ez.<\/p>\n<p class=\"x_MsoNormal\">\n<p class=\"x_MsoNormal\">Del an\u00e1lisis preliminar realizado a los actos y expresiones contenidos en el video denunciado, por unanimidad de votos se determin\u00f3 que es improcedente el dictado de las medidas cautelares solicitadas, puesto que la denunciante no aport\u00f3 alg\u00fan elemento para demostrar, al menos preliminarmente, que dichas expresiones merman sus derechos ya en el ejercicio del cargo, que afecten al pleno ejercicio de sus atribuciones inherentes a su cargo, labor o actividad; aunado a que de las constancias que obran en autos no se advierten indicios que permitan se\u00f1alar que se hayan realizado publicaciones adicionales a las denunciadas a partir de su publicaci\u00f3n.<\/p>\n<p class=\"x_MsoNormal\">\n<p class=\"x_MsoNormal\">No obstante, al advertirse que el video difundido y replicado actualiza una posible transgresi\u00f3n al inter\u00e9s superior de una persona menor de edad, toda vez que se presenta un manejo directo de su imagen y referencias que permiten su identificaci\u00f3n, se orden\u00f3 dar vista a la Procuradur\u00eda Federal de Protecci\u00f3n de Ni\u00f1as, Ni\u00f1os y Adolescentes, para que en el \u00e1mbito de su competencia determine lo conducente.<\/p>\n<p class=\"x_MsoNormal\">\n<p class=\"x_MsoNormal\">En un segundo asunto, la Comisi\u00f3n de Quejas y Denuncias del INE, conoci\u00f3 de tres expedientes referentes a la posible vulneraci\u00f3n a los principios de independencia e imparcialidad en la integraci\u00f3n de los \u00f3rganos electorales que participar\u00e1n en el Proceso Electoral Local 2025-2026, en el estado de Coahuila de Zaragoza.<\/p>\n<p class=\"x_MsoNormal\">\n<p class=\"x_MsoNormal\">Lo anterior, derivado de que seis personas que ejercen el cargo de Supervisoras Electorales (SE) y Capacitadoras Asistentes Electorales (CAE), o que se encuentran en las listas de reserva, y que en un principio negaron estar afiliadas a Morena, presuntamente firmaron las c\u00e9dulas de afiliaci\u00f3n que el partido present\u00f3 ante esta autoridad, lo cual podr\u00eda poner en riesgo el cumplimiento de los principios de imparcialidad e independencia en su actuaci\u00f3n.<\/p>\n<p class=\"x_MsoNormal\">\n<p class=\"x_MsoNormal\">Por esta raz\u00f3n, se determin\u00f3 impedir que las personas que ya se encontraban ejerciendo el cargo de CAE continuaran en el mismo y, respecto de aquellas que estaban en proceso de contrataci\u00f3n, no proceder con su incorporaci\u00f3n.<\/p>\n<p class=\"x_MsoNormal\">\n<p class=\"x_MsoNormal\">Finalmente, se dieron a conocer cuatro informes, y el plan anual de trabajo correspondiente al a\u00f1o 2026, los cuales ser\u00e1n presentados en la pr\u00f3xima sesi\u00f3n del Consejo General para su aprobaci\u00f3n.<\/p>\n","protected":false},"excerpt":{"rendered":"<p>La Comisi\u00f3n de Quejas y Denuncias del Instituto Nacional Electoral (INE), resolvi\u00f3 dos medidas cautelares; una por posible Violencia Pol\u00edtica contra las Mujeres en Raz\u00f3n de G\u00e9nero (VPMRG) y la vulneraci\u00f3n al Inter\u00e9s Superior de la Ni\u00f1ez, y otra por la posible vulneraci\u00f3n a los principios de independencia e imparcialidad en la integraci\u00f3n de los [&hellip;]<\/p>\n","protected":false},"author":2,"featured_media":245528,"comment_status":"closed","ping_status":"closed","sticky":false,"template":"","format":"standard","meta":{"footnotes":""},"categories":[12870,12868],"tags":[12865,12879],"class_list":["post-245527","post","type-post","status-publish","format-standard","has-post-thumbnail","hentry","category-destacadas","category-politica","tag-destacadas","tag-politica"],"jetpack_featured_media_url":"https:\/\/rnoticias.com.mx\/Portal\/wp-content\/uploads\/2026\/02\/INE-3.jpg","amp_enabled":true,"_links":{"self":[{"href":"https:\/\/rnoticias.com.mx\/Portal\/wp-json\/wp\/v2\/posts\/245527","targetHints":{"allow":["GET"]}}],"collection":[{"href":"https:\/\/rnoticias.com.mx\/Portal\/wp-json\/wp\/v2\/posts"}],"about":[{"href":"https:\/\/rnoticias.com.mx\/Portal\/wp-json\/wp\/v2\/types\/post"}],"author":[{"embeddable":true,"href":"https:\/\/rnoticias.com.mx\/Portal\/wp-json\/wp\/v2\/users\/2"}],"replies":[{"embeddable":true,"href":"https:\/\/rnoticias.com.mx\/Portal\/wp-json\/wp\/v2\/comments?post=245527"}],"version-history":[{"count":1,"href":"https:\/\/rnoticias.com.mx\/Portal\/wp-json\/wp\/v2\/posts\/245527\/revisions"}],"predecessor-version":[{"id":245529,"href":"https:\/\/rnoticias.com.mx\/Portal\/wp-json\/wp\/v2\/posts\/245527\/revisions\/245529"}],"wp:featuredmedia":[{"embeddable":true,"href":"https:\/\/rnoticias.com.mx\/Portal\/wp-json\/wp\/v2\/media\/245528"}],"wp:attachment":[{"href":"https:\/\/rnoticias.com.mx\/Portal\/wp-json\/wp\/v2\/media?parent=245527"}],"wp:term":[{"taxonomy":"category","embeddable":true,"href":"https:\/\/rnoticias.com.mx\/Portal\/wp-json\/wp\/v2\/categories?post=245527"},{"taxonomy":"post_tag","embeddable":true,"href":"https:\/\/rnoticias.com.mx\/Portal\/wp-json\/wp\/v2\/tags?post=245527"}],"curies":[{"name":"wp","href":"https:\/\/api.w.org\/{rel}","templated":true}]}}