{"id":245524,"date":"2026-02-17T19:34:07","date_gmt":"2026-02-18T02:34:07","guid":{"rendered":"https:\/\/rnoticias.com.mx\/Portal\/?p=245524"},"modified":"2026-02-17T19:34:07","modified_gmt":"2026-02-18T02:34:07","slug":"gobierno-de-sonora-impulsa-la-salud-del-corazon-con-jornada-binacional-en-nogales","status":"publish","type":"post","link":"https:\/\/rnoticias.com.mx\/Portal\/2026\/02\/17\/gobierno-de-sonora-impulsa-la-salud-del-corazon-con-jornada-binacional-en-nogales\/","title":{"rendered":"Gobierno de Sonora impulsa la salud del coraz\u00f3n con jornada binacional en Nogales"},"content":{"rendered":"<p>Hermosillo, Sonora; 17 de febrero de 2026.- La Secretar\u00eda de Salud P\u00fablica (SSP) del Gobierno de Sonora informa que se dio inicio a las acciones de la campa\u00f1a Ama tu Coraz\u00f3n, una iniciativa que desde 2011 forma parte de los esfuerzos binacionales para promover la salud en ambos lados de la frontera, con actividades enfocadas en la prevenci\u00f3n de enfermedades cardiovasculares.<\/p>\n<p>La inauguraci\u00f3n se realiz\u00f3 en la plaza Miguel Hidalgo, en Nogales, y cont\u00f3 con la participaci\u00f3n del Dr. \u00c9dgar Vel\u00e1squez Vega, director del Centro Estatal de la Transfusi\u00f3n Sangu\u00ednea, y de Mar\u00eda Ang\u00e9lica Campa Pe\u00f1u\u00f1uri, encargada de despacho de la Direcci\u00f3n General de Promoci\u00f3n a la Salud y Prevenci\u00f3n de Enfermedades, as\u00ed como con la presencia del presidente municipal Juan Francisco Gim Nogales y su esposa, Griselda Quintero.<\/p>\n<p>La campa\u00f1a no solo busca identificar casos de hipertensi\u00f3n arterial, sino tambi\u00e9n fomentar una cultura de autocuidado integral, promoviendo la participaci\u00f3n de los sectores acad\u00e9mico, empresarial y civil, con la prevenci\u00f3n como la herramienta m\u00e1s efectiva para combatir las enfermedades del coraz\u00f3n, una de las principales causas de mortalidad en la regi\u00f3n fronteriza.<\/p>\n<p>Durante la inauguraci\u00f3n se ofrecieron servicios gratuitos de detecci\u00f3n, orientaci\u00f3n y atenci\u00f3n preventiva a la ciudadan\u00eda, destacando la importancia del trabajo conjunto entre comunidades y sectores. Como mensaje principal destac\u00f3 la protecci\u00f3n a la salud y la vida, demostrando que la suma de voluntades fortalece las acciones en favor del bienestar com\u00fan.<\/p>\n<p>Este a\u00f1o se dio un enfoque multidisciplinario al evento en Nogales, integrando asesor\u00eda nutricional, atenci\u00f3n m\u00e9dica gratuita y una unidad m\u00f3vil para la donaci\u00f3n de sangre, junto con otros servicios de instituciones locales, aunado a la toma de presi\u00f3n arterial.<\/p>\n<p>La SSP reitera la importancia de prevenir los padecimientos del coraz\u00f3n mediante h\u00e1bitos saludables y revisiones oportunas, y refrenda su compromiso de continuar impulsando la educaci\u00f3n en salud cardiovascular, trabajando de manera coordinada con autoridades municipales, instituciones y la comunidad para fortalecer una cultura de prevenci\u00f3n que proteja la vida y el bienestar de las y los sonorenses.<\/p>\n","protected":false},"excerpt":{"rendered":"<p>Hermosillo, Sonora; 17 de febrero de 2026.- La Secretar\u00eda de Salud P\u00fablica (SSP) del Gobierno de Sonora informa que se dio inicio a las acciones de la campa\u00f1a Ama tu Coraz\u00f3n, una iniciativa que desde 2011 forma parte de los esfuerzos binacionales para promover la salud en ambos lados de la frontera, con actividades enfocadas [&hellip;]<\/p>\n","protected":false},"author":2,"featured_media":245525,"comment_status":"closed","ping_status":"closed","sticky":false,"template":"","format":"standard","meta":{"footnotes":""},"categories":[12870,174],"tags":[12865,12873],"class_list":["post-245524","post","type-post","status-publish","format-standard","has-post-thumbnail","hentry","category-destacadas","category-estatal","tag-destacadas","tag-estatal"],"jetpack_featured_media_url":"https:\/\/rnoticias.com.mx\/Portal\/wp-content\/uploads\/2026\/02\/nog.jpg","amp_enabled":true,"_links":{"self":[{"href":"https:\/\/rnoticias.com.mx\/Portal\/wp-json\/wp\/v2\/posts\/245524","targetHints":{"allow":["GET"]}}],"collection":[{"href":"https:\/\/rnoticias.com.mx\/Portal\/wp-json\/wp\/v2\/posts"}],"about":[{"href":"https:\/\/rnoticias.com.mx\/Portal\/wp-json\/wp\/v2\/types\/post"}],"author":[{"embeddable":true,"href":"https:\/\/rnoticias.com.mx\/Portal\/wp-json\/wp\/v2\/users\/2"}],"replies":[{"embeddable":true,"href":"https:\/\/rnoticias.com.mx\/Portal\/wp-json\/wp\/v2\/comments?post=245524"}],"version-history":[{"count":1,"href":"https:\/\/rnoticias.com.mx\/Portal\/wp-json\/wp\/v2\/posts\/245524\/revisions"}],"predecessor-version":[{"id":245526,"href":"https:\/\/rnoticias.com.mx\/Portal\/wp-json\/wp\/v2\/posts\/245524\/revisions\/245526"}],"wp:featuredmedia":[{"embeddable":true,"href":"https:\/\/rnoticias.com.mx\/Portal\/wp-json\/wp\/v2\/media\/245525"}],"wp:attachment":[{"href":"https:\/\/rnoticias.com.mx\/Portal\/wp-json\/wp\/v2\/media?parent=245524"}],"wp:term":[{"taxonomy":"category","embeddable":true,"href":"https:\/\/rnoticias.com.mx\/Portal\/wp-json\/wp\/v2\/categories?post=245524"},{"taxonomy":"post_tag","embeddable":true,"href":"https:\/\/rnoticias.com.mx\/Portal\/wp-json\/wp\/v2\/tags?post=245524"}],"curies":[{"name":"wp","href":"https:\/\/api.w.org\/{rel}","templated":true}]}}