{"id":245415,"date":"2026-02-17T17:38:16","date_gmt":"2026-02-18T00:38:16","guid":{"rendered":"https:\/\/rnoticias.com.mx\/Portal\/?p=245415"},"modified":"2026-02-17T17:38:16","modified_gmt":"2026-02-18T00:38:16","slug":"ajustes-en-el-ayuntamiento-de-cajeme-buscan-mejorar-eficiencia-y-servicios","status":"publish","type":"post","link":"https:\/\/rnoticias.com.mx\/Portal\/2026\/02\/17\/ajustes-en-el-ayuntamiento-de-cajeme-buscan-mejorar-eficiencia-y-servicios\/","title":{"rendered":"Ajustes en el Ayuntamiento de Cajeme buscan mejorar eficiencia y servicios"},"content":{"rendered":"<p>El gobierno municipal de Cajeme realizar\u00e1 cambios internos en distintas dependencias con el objetivo de fortalecer el funcionamiento administrativo y mejorar los resultados para la ciudadan\u00eda.<\/p>\n<p>&nbsp;<\/p>\n<p>El alcalde Javier Lamarque Cano, presidente municipal de Cajeme, dio a conocer que esas modificaciones, que se anunciar\u00e1n en pr\u00f3ximos d\u00edas, responden a la necesidad de reacomodar perfiles y optimizar \u00e1reas estrat\u00e9gicas, m\u00e1s que a sanciones o conflictos pol\u00edticos.<\/p>\n<p>&nbsp;<\/p>\n<p>Entonces, son en ese sentido\u00a0cambios para buscar mayor eficiencia en lo que est\u00e1 haciendo y por supuesto en\u00a0resultados para el bienestar de la gente. S\u00ed, ya los haremos anunciar, ya los\u00a0anunciaremos posiblemente ma\u00f1ana o el mi\u00e9rcoles.\u00a0En varias \u00e1reas, en varias \u00e1reas, ya van a empezar por Oomap\u00e1s\u201d, declar\u00f3.<\/p>\n<p>&nbsp;<\/p>\n<p>Explic\u00f3 que los cambios, que primero deben pasar por Cabildo, buscan elevar la eficiencia del gobierno y lograr mejores resultados en beneficio de la poblaci\u00f3n.<\/p>\n<p>&nbsp;<\/p>\n<p>Finalmente, en materia de salud, Lamarque Cano se\u00f1al\u00f3 que existe atenci\u00f3n al tema del sarampi\u00f3n tras reportes en el sur de Sonora, por lo que el municipio mantiene coordinaci\u00f3n con autoridades estatales para reforzar vigilancia y prevenci\u00f3n, aunque sin confirmarse brotes locales hasta el momento.<\/p>\n<p>&nbsp;<\/p>\n","protected":false},"excerpt":{"rendered":"<p>El gobierno municipal de Cajeme realizar\u00e1 cambios internos en distintas dependencias con el objetivo de fortalecer el funcionamiento administrativo y mejorar los resultados para la ciudadan\u00eda. &nbsp; El alcalde Javier Lamarque Cano, presidente municipal de Cajeme, dio a conocer que esas modificaciones, que se anunciar\u00e1n en pr\u00f3ximos d\u00edas, responden a la necesidad de reacomodar perfiles [&hellip;]<\/p>\n","protected":false},"author":2,"featured_media":245416,"comment_status":"closed","ping_status":"closed","sticky":false,"template":"","format":"standard","meta":{"footnotes":""},"categories":[12870,174],"tags":[12865,12873],"class_list":["post-245415","post","type-post","status-publish","format-standard","has-post-thumbnail","hentry","category-destacadas","category-estatal","tag-destacadas","tag-estatal"],"jetpack_featured_media_url":"https:\/\/rnoticias.com.mx\/Portal\/wp-content\/uploads\/2026\/02\/20-1.jpg","amp_enabled":true,"_links":{"self":[{"href":"https:\/\/rnoticias.com.mx\/Portal\/wp-json\/wp\/v2\/posts\/245415","targetHints":{"allow":["GET"]}}],"collection":[{"href":"https:\/\/rnoticias.com.mx\/Portal\/wp-json\/wp\/v2\/posts"}],"about":[{"href":"https:\/\/rnoticias.com.mx\/Portal\/wp-json\/wp\/v2\/types\/post"}],"author":[{"embeddable":true,"href":"https:\/\/rnoticias.com.mx\/Portal\/wp-json\/wp\/v2\/users\/2"}],"replies":[{"embeddable":true,"href":"https:\/\/rnoticias.com.mx\/Portal\/wp-json\/wp\/v2\/comments?post=245415"}],"version-history":[{"count":1,"href":"https:\/\/rnoticias.com.mx\/Portal\/wp-json\/wp\/v2\/posts\/245415\/revisions"}],"predecessor-version":[{"id":245417,"href":"https:\/\/rnoticias.com.mx\/Portal\/wp-json\/wp\/v2\/posts\/245415\/revisions\/245417"}],"wp:featuredmedia":[{"embeddable":true,"href":"https:\/\/rnoticias.com.mx\/Portal\/wp-json\/wp\/v2\/media\/245416"}],"wp:attachment":[{"href":"https:\/\/rnoticias.com.mx\/Portal\/wp-json\/wp\/v2\/media?parent=245415"}],"wp:term":[{"taxonomy":"category","embeddable":true,"href":"https:\/\/rnoticias.com.mx\/Portal\/wp-json\/wp\/v2\/categories?post=245415"},{"taxonomy":"post_tag","embeddable":true,"href":"https:\/\/rnoticias.com.mx\/Portal\/wp-json\/wp\/v2\/tags?post=245415"}],"curies":[{"name":"wp","href":"https:\/\/api.w.org\/{rel}","templated":true}]}}