{"id":245412,"date":"2026-02-17T17:36:43","date_gmt":"2026-02-18T00:36:43","guid":{"rendered":"https:\/\/rnoticias.com.mx\/Portal\/?p=245412"},"modified":"2026-02-17T17:38:41","modified_gmt":"2026-02-18T00:38:41","slug":"miercoles-de-ceniza-marca-inicio-de-la-cuaresma-en-parroquias","status":"publish","type":"post","link":"https:\/\/rnoticias.com.mx\/Portal\/2026\/02\/17\/miercoles-de-ceniza-marca-inicio-de-la-cuaresma-en-parroquias\/","title":{"rendered":"Mi\u00e9rcoles de Ceniza marca inicio de la Cuaresma en parroquias"},"content":{"rendered":"<p>El Mi\u00e9rcoles de Ceniza marca el inicio de la Cuaresma y con ello un periodo de preparaci\u00f3n espiritual para los fieles cat\u00f3licos. En las parroquias, la ceniza se elabora tradicionalmente con la palma bendita del a\u00f1o anterior y otros materiales lit\u00fargicos en desuso.<\/p>\n<p>&nbsp;<\/p>\n<p>El padre Joaqu\u00edn Alberto Santillanes L\u00f3pez, coordinador diocesano de la Pastoral de la Comunicaci\u00f3n, explic\u00f3 que cada comunidad organiza sus celebraciones que en est\u00e1 ocasi\u00f3n ser\u00e1 este 18 de febrero y se ampl\u00edan horarios de misas, ya que la participaci\u00f3n suele superar incluso la asistencia dominical.<\/p>\n<p>&nbsp;<\/p>\n<p>\u201cYa lo propio, pues es la celebraci\u00f3n donde se bendice\u00a0la ceniza, se impone pues como un signo de arrepentimiento, de pedirle a Dios, de reconocer\u00a0la grandeza de Dios, no?\u201d, cont\u00f3.<\/p>\n<p>&nbsp;<\/p>\n<p>Explic\u00f3, que este signo recuerda la humildad, el arrepentimiento y la esperanza, pr\u00e1ctica que se extendi\u00f3 a toda la Iglesia desde tiempos del papa Urbano I.<\/p>\n<p>&nbsp;<\/p>\n<p>Finalmente, dijo que el mensaje cuaresmal del papa Le\u00f3n XIV enfatiza la escucha, el ayuno y la vida comunitaria como ejes para vivir este tiempo lit\u00fargico.<\/p>\n<p>&nbsp;<\/p>\n","protected":false},"excerpt":{"rendered":"<p>El Mi\u00e9rcoles de Ceniza marca el inicio de la Cuaresma y con ello un periodo de preparaci\u00f3n espiritual para los fieles cat\u00f3licos. En las parroquias, la ceniza se elabora tradicionalmente con la palma bendita del a\u00f1o anterior y otros materiales lit\u00fargicos en desuso. &nbsp; El padre Joaqu\u00edn Alberto Santillanes L\u00f3pez, coordinador diocesano de la Pastoral [&hellip;]<\/p>\n","protected":false},"author":2,"featured_media":245413,"comment_status":"closed","ping_status":"closed","sticky":false,"template":"","format":"standard","meta":{"footnotes":""},"categories":[12870,178],"tags":[12865,12869],"class_list":["post-245412","post","type-post","status-publish","format-standard","has-post-thumbnail","hentry","category-destacadas","category-local","tag-destacadas","tag-local"],"jetpack_featured_media_url":"https:\/\/rnoticias.com.mx\/Portal\/wp-content\/uploads\/2026\/02\/478b39e50fa78704a5f52757b12efbde.webp","amp_enabled":true,"_links":{"self":[{"href":"https:\/\/rnoticias.com.mx\/Portal\/wp-json\/wp\/v2\/posts\/245412","targetHints":{"allow":["GET"]}}],"collection":[{"href":"https:\/\/rnoticias.com.mx\/Portal\/wp-json\/wp\/v2\/posts"}],"about":[{"href":"https:\/\/rnoticias.com.mx\/Portal\/wp-json\/wp\/v2\/types\/post"}],"author":[{"embeddable":true,"href":"https:\/\/rnoticias.com.mx\/Portal\/wp-json\/wp\/v2\/users\/2"}],"replies":[{"embeddable":true,"href":"https:\/\/rnoticias.com.mx\/Portal\/wp-json\/wp\/v2\/comments?post=245412"}],"version-history":[{"count":1,"href":"https:\/\/rnoticias.com.mx\/Portal\/wp-json\/wp\/v2\/posts\/245412\/revisions"}],"predecessor-version":[{"id":245414,"href":"https:\/\/rnoticias.com.mx\/Portal\/wp-json\/wp\/v2\/posts\/245412\/revisions\/245414"}],"wp:featuredmedia":[{"embeddable":true,"href":"https:\/\/rnoticias.com.mx\/Portal\/wp-json\/wp\/v2\/media\/245413"}],"wp:attachment":[{"href":"https:\/\/rnoticias.com.mx\/Portal\/wp-json\/wp\/v2\/media?parent=245412"}],"wp:term":[{"taxonomy":"category","embeddable":true,"href":"https:\/\/rnoticias.com.mx\/Portal\/wp-json\/wp\/v2\/categories?post=245412"},{"taxonomy":"post_tag","embeddable":true,"href":"https:\/\/rnoticias.com.mx\/Portal\/wp-json\/wp\/v2\/tags?post=245412"}],"curies":[{"name":"wp","href":"https:\/\/api.w.org\/{rel}","templated":true}]}}