{"id":245406,"date":"2026-02-17T17:00:22","date_gmt":"2026-02-18T00:00:22","guid":{"rendered":"https:\/\/rnoticias.com.mx\/Portal\/?p=245406"},"modified":"2026-02-17T17:00:22","modified_gmt":"2026-02-18T00:00:22","slug":"bomberos-de-hermosillo-proponen-fiscalia-especializada-en-pc","status":"publish","type":"post","link":"https:\/\/rnoticias.com.mx\/Portal\/2026\/02\/17\/bomberos-de-hermosillo-proponen-fiscalia-especializada-en-pc\/","title":{"rendered":"Bomberos de Hermosillo proponen Fiscal\u00eda especializada en PC"},"content":{"rendered":"<p>Hermosillo, Sonora. La creaci\u00f3n de una Fiscal\u00eda Especializada en Protecci\u00f3n Civil fue propuesta luego del incendio que consumi\u00f3 una tienda departamental en la zona de Paseo R\u00edo Sonora, hecho que reaviv\u00f3 el debate sobre el cumplimiento y la supervisi\u00f3n de las normas de seguridad en establecimientos comerciales.<\/p>\n<p>&nbsp;<\/p>\n<p>El comandante del Departamento de Bomberos, Juan Francisco Matty, se\u00f1al\u00f3 que los siniestros no ocurren de manera aislada, sino como consecuencia de una cadena de omisiones que, al acumularse, pueden derivar en p\u00e9rdidas materiales significativas e incluso en riesgos para la vida de las personas.<\/p>\n<p>&nbsp;<\/p>\n<p>\u201cConsideramos indispensable que exista una instancia con personal capacitado para investigar a fondo este tipo de casos. La materia de Protecci\u00f3n Civil es compleja, ya que involucra normas oficiales mexicanas, disposiciones t\u00e9cnicas y lineamientos de car\u00e1cter federal que requieren conocimiento especializado para su correcta interpretaci\u00f3n\u201d, explic\u00f3.<\/p>\n<p>&nbsp;<\/p>\n<p>En ese sentido, subray\u00f3 la necesidad de contar con peritos y jueces con preparaci\u00f3n espec\u00edfica que puedan analizar cada situaci\u00f3n con criterios t\u00e9cnicos s\u00f3lidos.<\/p>\n<p>&nbsp;<\/p>\n<p>De acuerdo con el jefe de Bomberos, una fiscal\u00eda dedicada exclusivamente a estos asuntos permitir\u00eda establecer responsabilidades con mayor claridad y aplicar sanciones de manera m\u00e1s efectiva, adem\u00e1s de generar precedentes que fortalezcan la cultura de la prevenci\u00f3n en la comunidad.<\/p>\n<p>&nbsp;<\/p>\n<p>\u201cHacemos \u00e9nfasis en que la seguridad no debe depender \u00fanicamente de las inspecciones gubernamentales. Llamamos a ciudadanos y empresarios a asumir la autogesti\u00f3n como parte fundamental de la prevenci\u00f3n y de la protecci\u00f3n civil\u201d, culmin\u00f3.<\/p>\n","protected":false},"excerpt":{"rendered":"<p>Hermosillo, Sonora. La creaci\u00f3n de una Fiscal\u00eda Especializada en Protecci\u00f3n Civil fue propuesta luego del incendio que consumi\u00f3 una tienda departamental en la zona de Paseo R\u00edo Sonora, hecho que reaviv\u00f3 el debate sobre el cumplimiento y la supervisi\u00f3n de las normas de seguridad en establecimientos comerciales. &nbsp; El comandante del Departamento de Bomberos, Juan [&hellip;]<\/p>\n","protected":false},"author":2,"featured_media":245407,"comment_status":"closed","ping_status":"closed","sticky":false,"template":"","format":"standard","meta":{"footnotes":""},"categories":[12870,178],"tags":[12865,12869],"class_list":["post-245406","post","type-post","status-publish","format-standard","has-post-thumbnail","hentry","category-destacadas","category-local","tag-destacadas","tag-local"],"jetpack_featured_media_url":"https:\/\/rnoticias.com.mx\/Portal\/wp-content\/uploads\/2026\/02\/WhatsApp-Image-2023-10-22-at-9.14.21-AM.jpeg","amp_enabled":true,"_links":{"self":[{"href":"https:\/\/rnoticias.com.mx\/Portal\/wp-json\/wp\/v2\/posts\/245406","targetHints":{"allow":["GET"]}}],"collection":[{"href":"https:\/\/rnoticias.com.mx\/Portal\/wp-json\/wp\/v2\/posts"}],"about":[{"href":"https:\/\/rnoticias.com.mx\/Portal\/wp-json\/wp\/v2\/types\/post"}],"author":[{"embeddable":true,"href":"https:\/\/rnoticias.com.mx\/Portal\/wp-json\/wp\/v2\/users\/2"}],"replies":[{"embeddable":true,"href":"https:\/\/rnoticias.com.mx\/Portal\/wp-json\/wp\/v2\/comments?post=245406"}],"version-history":[{"count":1,"href":"https:\/\/rnoticias.com.mx\/Portal\/wp-json\/wp\/v2\/posts\/245406\/revisions"}],"predecessor-version":[{"id":245408,"href":"https:\/\/rnoticias.com.mx\/Portal\/wp-json\/wp\/v2\/posts\/245406\/revisions\/245408"}],"wp:featuredmedia":[{"embeddable":true,"href":"https:\/\/rnoticias.com.mx\/Portal\/wp-json\/wp\/v2\/media\/245407"}],"wp:attachment":[{"href":"https:\/\/rnoticias.com.mx\/Portal\/wp-json\/wp\/v2\/media?parent=245406"}],"wp:term":[{"taxonomy":"category","embeddable":true,"href":"https:\/\/rnoticias.com.mx\/Portal\/wp-json\/wp\/v2\/categories?post=245406"},{"taxonomy":"post_tag","embeddable":true,"href":"https:\/\/rnoticias.com.mx\/Portal\/wp-json\/wp\/v2\/tags?post=245406"}],"curies":[{"name":"wp","href":"https:\/\/api.w.org\/{rel}","templated":true}]}}