{"id":245401,"date":"2026-02-17T16:55:46","date_gmt":"2026-02-17T23:55:46","guid":{"rendered":"https:\/\/rnoticias.com.mx\/Portal\/?p=245401"},"modified":"2026-02-17T16:56:09","modified_gmt":"2026-02-17T23:56:09","slug":"proteccion-civil-debe-fortalecer-facultades-municipales-javier-lamarque","status":"publish","type":"post","link":"https:\/\/rnoticias.com.mx\/Portal\/2026\/02\/17\/proteccion-civil-debe-fortalecer-facultades-municipales-javier-lamarque\/","title":{"rendered":"Protecci\u00f3n Civil debe fortalecer facultades municipales: Javier Lamarque"},"content":{"rendered":"<p>\u201cLa protecci\u00f3n civil es uno de los \u00e1mbitos de mayor responsabilidad para cualquier autoridad, ya que en ella se preservan vidas humanas ante posibles contingencias\u201d, afirm\u00f3 el alcalde de Cajeme, Javier Lamarque Cano.<\/p>\n<p>&nbsp;<\/p>\n<p>Se\u00f1al\u00f3 que es fundamental mantener atenci\u00f3n permanente para tomar decisiones oportunas, fortalecer la normatividad y mejorar los procedimientos que permitan salvaguardar tanto a las personas como sus bienes materiales.<\/p>\n<p>&nbsp;<\/p>\n<p>\u201cS\u00ed, en el ayuntamiento, pero no nomas el ayuntamiento sino nosotros queremos tambi\u00e9n incrementar nuestra participaci\u00f3n en todo el \u00e1mbito municipal.<\/p>\n<p>Hay una participaci\u00f3n establecida en la ley, pero creo que, y es lo que acabo de decir,\u00a0se requiere aumentar la facultad de participaci\u00f3n, la competencia de la autoridad municipal\u00a0para poder actuar, para poder participar con mayor autoridad\u00a0con mejores condiciones\u201d, asever\u00f3.<\/p>\n<p>&nbsp;<\/p>\n<p>Recalc\u00f3, que el Ayuntamiento de Cajeme cumple con los requerimientos en materia de protecci\u00f3n civil en sus edificios y dependencias.<\/p>\n<p>&nbsp;<\/p>\n","protected":false},"excerpt":{"rendered":"<p>\u201cLa protecci\u00f3n civil es uno de los \u00e1mbitos de mayor responsabilidad para cualquier autoridad, ya que en ella se preservan vidas humanas ante posibles contingencias\u201d, afirm\u00f3 el alcalde de Cajeme, Javier Lamarque Cano. &nbsp; Se\u00f1al\u00f3 que es fundamental mantener atenci\u00f3n permanente para tomar decisiones oportunas, fortalecer la normatividad y mejorar los procedimientos que permitan salvaguardar [&hellip;]<\/p>\n","protected":false},"author":2,"featured_media":245403,"comment_status":"closed","ping_status":"closed","sticky":false,"template":"","format":"standard","meta":{"footnotes":""},"categories":[12870,174],"tags":[12865,12873],"class_list":["post-245401","post","type-post","status-publish","format-standard","has-post-thumbnail","hentry","category-destacadas","category-estatal","tag-destacadas","tag-estatal"],"jetpack_featured_media_url":"https:\/\/rnoticias.com.mx\/Portal\/wp-content\/uploads\/2026\/02\/ayuntamiento-de-cajeme-cortesia-focus-0-0-1300-865.jpg","amp_enabled":true,"_links":{"self":[{"href":"https:\/\/rnoticias.com.mx\/Portal\/wp-json\/wp\/v2\/posts\/245401","targetHints":{"allow":["GET"]}}],"collection":[{"href":"https:\/\/rnoticias.com.mx\/Portal\/wp-json\/wp\/v2\/posts"}],"about":[{"href":"https:\/\/rnoticias.com.mx\/Portal\/wp-json\/wp\/v2\/types\/post"}],"author":[{"embeddable":true,"href":"https:\/\/rnoticias.com.mx\/Portal\/wp-json\/wp\/v2\/users\/2"}],"replies":[{"embeddable":true,"href":"https:\/\/rnoticias.com.mx\/Portal\/wp-json\/wp\/v2\/comments?post=245401"}],"version-history":[{"count":1,"href":"https:\/\/rnoticias.com.mx\/Portal\/wp-json\/wp\/v2\/posts\/245401\/revisions"}],"predecessor-version":[{"id":245405,"href":"https:\/\/rnoticias.com.mx\/Portal\/wp-json\/wp\/v2\/posts\/245401\/revisions\/245405"}],"wp:featuredmedia":[{"embeddable":true,"href":"https:\/\/rnoticias.com.mx\/Portal\/wp-json\/wp\/v2\/media\/245403"}],"wp:attachment":[{"href":"https:\/\/rnoticias.com.mx\/Portal\/wp-json\/wp\/v2\/media?parent=245401"}],"wp:term":[{"taxonomy":"category","embeddable":true,"href":"https:\/\/rnoticias.com.mx\/Portal\/wp-json\/wp\/v2\/categories?post=245401"},{"taxonomy":"post_tag","embeddable":true,"href":"https:\/\/rnoticias.com.mx\/Portal\/wp-json\/wp\/v2\/tags?post=245401"}],"curies":[{"name":"wp","href":"https:\/\/api.w.org\/{rel}","templated":true}]}}