{"id":245152,"date":"2026-02-12T16:48:21","date_gmt":"2026-02-12T23:48:21","guid":{"rendered":"https:\/\/rnoticias.com.mx\/Portal\/?p=245152"},"modified":"2026-02-12T16:48:21","modified_gmt":"2026-02-12T23:48:21","slug":"empresarios-advierten-sobrecosto-laboral-tras-aval-del-senado-a-jornada-de-40-horas","status":"publish","type":"post","link":"https:\/\/rnoticias.com.mx\/Portal\/2026\/02\/12\/empresarios-advierten-sobrecosto-laboral-tras-aval-del-senado-a-jornada-de-40-horas\/","title":{"rendered":"Empresarios advierten sobrecosto laboral tras aval del Senado a jornada de 40 horas"},"content":{"rendered":"<p>Hermosillo, Sonora. La reciente aprobaci\u00f3n en el Senado de la reforma constitucional que reduce la jornada laboral semanal de 48 a 40 horas encendi\u00f3 alertas en el sector empresarial, al advertirse un impacto econ\u00f3mico de hasta 66 mil pesos anuales por trabajador, se\u00f1al\u00f3 Mart\u00edn Zalazar Zazueta, presidente de Fecanaco Sonora y de Canacope Hermosillo.<\/p>\n<p>&nbsp;<\/p>\n<p>El dirigente explic\u00f3 que el pasado mi\u00e9rcoles el Senado aprob\u00f3 la reforma con 103 votos a favor y 15 en contra, tanto en lo general como en lo particular, y de inmediato fue turnada a la C\u00e1mara de Diputados para su an\u00e1lisis, lo que genera preocupaci\u00f3n entre los comercios formales.<\/p>\n<p>&nbsp;<\/p>\n<p><strong>\u201cNuestra postura en torno a este tema, es af\u00edn a la dada a conocer por la Confederaci\u00f3n de C\u00e1maras Nacionales de Comercio, Servicios y Turismo (Concanaco Servytur), quien alert\u00f3 que la reducci\u00f3n de la jornada laboral podr\u00eda tener un impacto a los negocios de hasta 66,000 pesos por trabajador por los ajustes fiscales. Por lo que ahora con este paso que ya se dio en el Senado, nosotros el sector empresarial, le pedimos al gobierno que aplique tambi\u00e9n incentivos gubernamentales y exenciones fiscales al empresario para que compense el pago de las horas extras que se requerir\u00e1n\u201d, dijo.<\/strong><\/p>\n<p>&nbsp;<\/p>\n<p>Zalazar Zazueta detall\u00f3 que la reducci\u00f3n de horas implica el pago de tiempo extra y un aumento en impuestos y contribuciones a la seguridad social, lo que afectar\u00e1 principalmente a micro y peque\u00f1os negocios de los sectores comercio, servicios y turismo.<\/p>\n<p>&nbsp;<\/p>\n<p>Indic\u00f3 que, aunque la jornada actual es de 48 horas, las horas efectivamente productivas son menores debido a descansos legales, por lo que la nueva disposici\u00f3n reducir\u00eda a\u00fan m\u00e1s la capacidad operativa.<\/p>\n<p>&nbsp;<\/p>\n<p>Finalmente, Zalazar Zazueta reiter\u00f3 que el empresariado no se opone a una reforma laboral, pero pidi\u00f3 que sea gradual y acompa\u00f1ada de incentivos fiscales para evitar afectaciones al empleo formal.<\/p>\n<p>&nbsp;<\/p>\n","protected":false},"excerpt":{"rendered":"<p>Hermosillo, Sonora. La reciente aprobaci\u00f3n en el Senado de la reforma constitucional que reduce la jornada laboral semanal de 48 a 40 horas encendi\u00f3 alertas en el sector empresarial, al advertirse un impacto econ\u00f3mico de hasta 66 mil pesos anuales por trabajador, se\u00f1al\u00f3 Mart\u00edn Zalazar Zazueta, presidente de Fecanaco Sonora y de Canacope Hermosillo. &nbsp; [&hellip;]<\/p>\n","protected":false},"author":2,"featured_media":245153,"comment_status":"closed","ping_status":"closed","sticky":false,"template":"","format":"standard","meta":{"footnotes":""},"categories":[12870,178],"tags":[12865,12869],"class_list":["post-245152","post","type-post","status-publish","format-standard","has-post-thumbnail","hentry","category-destacadas","category-local","tag-destacadas","tag-local"],"jetpack_featured_media_url":"https:\/\/rnoticias.com.mx\/Portal\/wp-content\/uploads\/2026\/02\/WhatsApp-Image-2026-02-12-at-10.34.41-AM.jpeg","amp_enabled":true,"_links":{"self":[{"href":"https:\/\/rnoticias.com.mx\/Portal\/wp-json\/wp\/v2\/posts\/245152","targetHints":{"allow":["GET"]}}],"collection":[{"href":"https:\/\/rnoticias.com.mx\/Portal\/wp-json\/wp\/v2\/posts"}],"about":[{"href":"https:\/\/rnoticias.com.mx\/Portal\/wp-json\/wp\/v2\/types\/post"}],"author":[{"embeddable":true,"href":"https:\/\/rnoticias.com.mx\/Portal\/wp-json\/wp\/v2\/users\/2"}],"replies":[{"embeddable":true,"href":"https:\/\/rnoticias.com.mx\/Portal\/wp-json\/wp\/v2\/comments?post=245152"}],"version-history":[{"count":1,"href":"https:\/\/rnoticias.com.mx\/Portal\/wp-json\/wp\/v2\/posts\/245152\/revisions"}],"predecessor-version":[{"id":245154,"href":"https:\/\/rnoticias.com.mx\/Portal\/wp-json\/wp\/v2\/posts\/245152\/revisions\/245154"}],"wp:featuredmedia":[{"embeddable":true,"href":"https:\/\/rnoticias.com.mx\/Portal\/wp-json\/wp\/v2\/media\/245153"}],"wp:attachment":[{"href":"https:\/\/rnoticias.com.mx\/Portal\/wp-json\/wp\/v2\/media?parent=245152"}],"wp:term":[{"taxonomy":"category","embeddable":true,"href":"https:\/\/rnoticias.com.mx\/Portal\/wp-json\/wp\/v2\/categories?post=245152"},{"taxonomy":"post_tag","embeddable":true,"href":"https:\/\/rnoticias.com.mx\/Portal\/wp-json\/wp\/v2\/tags?post=245152"}],"curies":[{"name":"wp","href":"https:\/\/api.w.org\/{rel}","templated":true}]}}