{"id":245143,"date":"2026-02-12T16:24:44","date_gmt":"2026-02-12T23:24:44","guid":{"rendered":"https:\/\/rnoticias.com.mx\/Portal\/?p=245143"},"modified":"2026-02-12T16:24:44","modified_gmt":"2026-02-12T23:24:44","slug":"invitan-a-campana-de-esterilizacion-y-vacunacion-de-mascotas-en-guaymas","status":"publish","type":"post","link":"https:\/\/rnoticias.com.mx\/Portal\/2026\/02\/12\/invitan-a-campana-de-esterilizacion-y-vacunacion-de-mascotas-en-guaymas\/","title":{"rendered":"Invitan a campa\u00f1a de esterilizaci\u00f3n y vacunaci\u00f3n de mascotas en Guaymas"},"content":{"rendered":"<p>La Direcci\u00f3n de Salud Municipal anunci\u00f3 sobre una campa\u00f1a de esterilizaci\u00f3n en el Centro Canino este jueves 12 y viernes 13 de febrero.<\/p>\n<p>&nbsp;<\/p>\n<p>Austria Castro, directora de la dependencia, inform\u00f3 que el registro ser\u00e1 este jueves y viernes de 8:00 a 10:00 de la ma\u00f1ana.<\/p>\n<p>&nbsp;<\/p>\n<p>\u201cLes van a registrar a sus mascotas\u00a0y para que ayuden al control poblacional, es una corresponsabilidad de todos y todas.\u00a0Tambi\u00e9n hay vacunaci\u00f3n antirr\u00e1bica y desparasitaci\u00f3n canina, de lunes a viernes, de 8 de la ma\u00f1ana a 3 de la tarde\u201d, dijo.<\/p>\n<p>&nbsp;<\/p>\n<p>Agreg\u00f3, que las mascotas deben estar sanas, ser mayores de tres meses, no estar embarazadas ni lactando y acudir con correa o en transportadora.<\/p>\n<p>&nbsp;<\/p>\n","protected":false},"excerpt":{"rendered":"<p>La Direcci\u00f3n de Salud Municipal anunci\u00f3 sobre una campa\u00f1a de esterilizaci\u00f3n en el Centro Canino este jueves 12 y viernes 13 de febrero. &nbsp; Austria Castro, directora de la dependencia, inform\u00f3 que el registro ser\u00e1 este jueves y viernes de 8:00 a 10:00 de la ma\u00f1ana. &nbsp; \u201cLes van a registrar a sus mascotas\u00a0y para [&hellip;]<\/p>\n","protected":false},"author":2,"featured_media":245144,"comment_status":"closed","ping_status":"closed","sticky":false,"template":"","format":"standard","meta":{"footnotes":""},"categories":[12870,174],"tags":[12865,12873],"class_list":["post-245143","post","type-post","status-publish","format-standard","has-post-thumbnail","hentry","category-destacadas","category-estatal","tag-destacadas","tag-estatal"],"jetpack_featured_media_url":"https:\/\/rnoticias.com.mx\/Portal\/wp-content\/uploads\/2026\/02\/medicina-veterinaria-general-higiene-para-perros-y-gatos-3.jpg","amp_enabled":true,"_links":{"self":[{"href":"https:\/\/rnoticias.com.mx\/Portal\/wp-json\/wp\/v2\/posts\/245143","targetHints":{"allow":["GET"]}}],"collection":[{"href":"https:\/\/rnoticias.com.mx\/Portal\/wp-json\/wp\/v2\/posts"}],"about":[{"href":"https:\/\/rnoticias.com.mx\/Portal\/wp-json\/wp\/v2\/types\/post"}],"author":[{"embeddable":true,"href":"https:\/\/rnoticias.com.mx\/Portal\/wp-json\/wp\/v2\/users\/2"}],"replies":[{"embeddable":true,"href":"https:\/\/rnoticias.com.mx\/Portal\/wp-json\/wp\/v2\/comments?post=245143"}],"version-history":[{"count":1,"href":"https:\/\/rnoticias.com.mx\/Portal\/wp-json\/wp\/v2\/posts\/245143\/revisions"}],"predecessor-version":[{"id":245145,"href":"https:\/\/rnoticias.com.mx\/Portal\/wp-json\/wp\/v2\/posts\/245143\/revisions\/245145"}],"wp:featuredmedia":[{"embeddable":true,"href":"https:\/\/rnoticias.com.mx\/Portal\/wp-json\/wp\/v2\/media\/245144"}],"wp:attachment":[{"href":"https:\/\/rnoticias.com.mx\/Portal\/wp-json\/wp\/v2\/media?parent=245143"}],"wp:term":[{"taxonomy":"category","embeddable":true,"href":"https:\/\/rnoticias.com.mx\/Portal\/wp-json\/wp\/v2\/categories?post=245143"},{"taxonomy":"post_tag","embeddable":true,"href":"https:\/\/rnoticias.com.mx\/Portal\/wp-json\/wp\/v2\/tags?post=245143"}],"curies":[{"name":"wp","href":"https:\/\/api.w.org\/{rel}","templated":true}]}}