{"id":245140,"date":"2026-02-12T16:24:05","date_gmt":"2026-02-12T23:24:05","guid":{"rendered":"https:\/\/rnoticias.com.mx\/Portal\/?p=245140"},"modified":"2026-02-12T16:24:05","modified_gmt":"2026-02-12T23:24:05","slug":"llaman-en-nogales-a-vacunarse-ante-riesgo-de-sarampion","status":"publish","type":"post","link":"https:\/\/rnoticias.com.mx\/Portal\/2026\/02\/12\/llaman-en-nogales-a-vacunarse-ante-riesgo-de-sarampion\/","title":{"rendered":"Llaman en Nogales a vacunarse ante riesgo de sarampi\u00f3n"},"content":{"rendered":"<p>La Direcci\u00f3n Municipal de Salud lanz\u00f3 un llamado urgente a la vacunaci\u00f3n contra el sarampi\u00f3n ante la posible confirmaci\u00f3n del primer caso del a\u00f1o en un menor de esta frontera.<\/p>\n<p>&nbsp;<\/p>\n<p>La doctora Aline Rodr\u00edguez inform\u00f3 que existe un caso probable en estudio y que, de confirmarse, ser\u00eda aut\u00f3ctono, ya que el ni\u00f1o no cuenta con antecedente de vacunaci\u00f3n.<\/p>\n<p>&nbsp;<\/p>\n<p>\u201cLa vacuna ideal para el sarampi\u00f3n es al a\u00f1o y a los 18 meses o a\u00f1o y medio,\u00a0pero como estamos en una contingencia, por as\u00ed decirlo, se est\u00e1 aplicando la dosis cero,\u00a0que es a partir de los seis meses todo ni\u00f1o o ni\u00f1a debe ser vacunado contra la tripe viral, sarampi\u00f3n, rubeola\u201d, cont\u00f3.<\/p>\n<p>&nbsp;<\/p>\n<p>A nivel nacional se reportan 28 fallecimientos, siendo los menores de cuatro a\u00f1os los m\u00e1s vulnerables. Aunque Sonora no figura entre los estados con m\u00e1s contagios, la funcionaria subray\u00f3 que es mejor prevenir que enfrentar un brote.<\/p>\n<p>&nbsp;<\/p>\n","protected":false},"excerpt":{"rendered":"<p>La Direcci\u00f3n Municipal de Salud lanz\u00f3 un llamado urgente a la vacunaci\u00f3n contra el sarampi\u00f3n ante la posible confirmaci\u00f3n del primer caso del a\u00f1o en un menor de esta frontera. &nbsp; La doctora Aline Rodr\u00edguez inform\u00f3 que existe un caso probable en estudio y que, de confirmarse, ser\u00eda aut\u00f3ctono, ya que el ni\u00f1o no cuenta [&hellip;]<\/p>\n","protected":false},"author":2,"featured_media":245141,"comment_status":"closed","ping_status":"closed","sticky":false,"template":"","format":"standard","meta":{"footnotes":""},"categories":[12870,174],"tags":[12865,12873],"class_list":["post-245140","post","type-post","status-publish","format-standard","has-post-thumbnail","hentry","category-destacadas","category-estatal","tag-destacadas","tag-estatal"],"jetpack_featured_media_url":"https:\/\/rnoticias.com.mx\/Portal\/wp-content\/uploads\/2026\/02\/llaman-a-completar-esquema-de-vacunacion-ante-brote-de-sarampion-17704024400.jpg","amp_enabled":true,"_links":{"self":[{"href":"https:\/\/rnoticias.com.mx\/Portal\/wp-json\/wp\/v2\/posts\/245140","targetHints":{"allow":["GET"]}}],"collection":[{"href":"https:\/\/rnoticias.com.mx\/Portal\/wp-json\/wp\/v2\/posts"}],"about":[{"href":"https:\/\/rnoticias.com.mx\/Portal\/wp-json\/wp\/v2\/types\/post"}],"author":[{"embeddable":true,"href":"https:\/\/rnoticias.com.mx\/Portal\/wp-json\/wp\/v2\/users\/2"}],"replies":[{"embeddable":true,"href":"https:\/\/rnoticias.com.mx\/Portal\/wp-json\/wp\/v2\/comments?post=245140"}],"version-history":[{"count":1,"href":"https:\/\/rnoticias.com.mx\/Portal\/wp-json\/wp\/v2\/posts\/245140\/revisions"}],"predecessor-version":[{"id":245142,"href":"https:\/\/rnoticias.com.mx\/Portal\/wp-json\/wp\/v2\/posts\/245140\/revisions\/245142"}],"wp:featuredmedia":[{"embeddable":true,"href":"https:\/\/rnoticias.com.mx\/Portal\/wp-json\/wp\/v2\/media\/245141"}],"wp:attachment":[{"href":"https:\/\/rnoticias.com.mx\/Portal\/wp-json\/wp\/v2\/media?parent=245140"}],"wp:term":[{"taxonomy":"category","embeddable":true,"href":"https:\/\/rnoticias.com.mx\/Portal\/wp-json\/wp\/v2\/categories?post=245140"},{"taxonomy":"post_tag","embeddable":true,"href":"https:\/\/rnoticias.com.mx\/Portal\/wp-json\/wp\/v2\/tags?post=245140"}],"curies":[{"name":"wp","href":"https:\/\/api.w.org\/{rel}","templated":true}]}}