{"id":245124,"date":"2026-02-12T15:14:04","date_gmt":"2026-02-12T22:14:04","guid":{"rendered":"https:\/\/rnoticias.com.mx\/Portal\/?p=245124"},"modified":"2026-02-12T15:14:04","modified_gmt":"2026-02-12T22:14:04","slug":"continua-creciendo-el-modelo-de-educacion-dual-en-sonora-cecyte","status":"publish","type":"post","link":"https:\/\/rnoticias.com.mx\/Portal\/2026\/02\/12\/continua-creciendo-el-modelo-de-educacion-dual-en-sonora-cecyte\/","title":{"rendered":"Contin\u00faa creciendo el modelo de Educaci\u00f3n Dual en Sonora: Cecyte"},"content":{"rendered":"<p>Hermosillo, Sonora; 12 de febrero de 2026.- Estudiantes de sexto semestre del Colegio de Estudios Cient\u00edficos y Tecnol\u00f3gicos del Estado de Sonora (Cecyte), que cursan las carreras t\u00e9cnicas en Producci\u00f3n Industrial y Ventas en los planteles Hermosillo IV y V, ampliar\u00e1n su aprendizaje al integrarse a una agencia automotriz como parte del impulso que da el Gobierno de Sonora al modelo de Educaci\u00f3n Dual.<\/p>\n<p>En esta generaci\u00f3n, las y los estudiantes que se integran al modelo son: Pauleth Guadalupe Garc\u00eda Mu\u00f1oz, Camila Samahi Rodr\u00edguez Hurtado, Paulina Le\u00f3n Boj\u00f3rquez, Yanitza Yamileth Seguame Morales, Diego Antonio Peralta Galaviz y Francisco Alberto D\u00edaz Morales, quienes tendr\u00e1n la oportunidad de complementar su preparaci\u00f3n acad\u00e9mica con experiencias pr\u00e1cticas en un entorno real de trabajo.<\/p>\n<p>La directora general de Cecyte Sonora, Blanca Aurelia Valenzuela, destac\u00f3 que el modelo de Educaci\u00f3n Dual representa una herramienta fundamental para fortalecer las competencias t\u00e9cnicas y profesionales del alumnado, al permitir aplicar los conocimientos adquiridos dentro del sector productivo, favoreciendo su desarrollo integral e inserci\u00f3n laboral.<\/p>\n<p>Destac\u00f3 que el subsistema ya cuenta con experiencia previa de vinculaci\u00f3n con la Agencia Kia Hermosillo, la cual ha sido pionera en la implementaci\u00f3n del modelo de Educaci\u00f3n Dual desde la primera generaci\u00f3n en el a\u00f1o 2022, consolid\u00e1ndose como un aliado estrat\u00e9gico en la formaci\u00f3n de talento joven.<\/p>\n<p>Cecyte reafirm\u00f3 el compromiso del Gobierno de Sonora que, en coordinaci\u00f3n con la Secretar\u00eda de Educaci\u00f3n y Cultura, fortalece este modelo de formaci\u00f3n en beneficio de las y los j\u00f3venes sonorenses, contribuyendo de manera significativa a su desarrollo acad\u00e9mico y profesional.<\/p>\n","protected":false},"excerpt":{"rendered":"<p>Hermosillo, Sonora; 12 de febrero de 2026.- Estudiantes de sexto semestre del Colegio de Estudios Cient\u00edficos y Tecnol\u00f3gicos del Estado de Sonora (Cecyte), que cursan las carreras t\u00e9cnicas en Producci\u00f3n Industrial y Ventas en los planteles Hermosillo IV y V, ampliar\u00e1n su aprendizaje al integrarse a una agencia automotriz como parte del impulso que da [&hellip;]<\/p>\n","protected":false},"author":2,"featured_media":245125,"comment_status":"closed","ping_status":"closed","sticky":false,"template":"","format":"standard","meta":{"footnotes":""},"categories":[12870,178],"tags":[12865,12869],"class_list":["post-245124","post","type-post","status-publish","format-standard","has-post-thumbnail","hentry","category-destacadas","category-local","tag-destacadas","tag-local"],"jetpack_featured_media_url":"https:\/\/rnoticias.com.mx\/Portal\/wp-content\/uploads\/2026\/02\/unnamed-1-16.jpg","amp_enabled":true,"_links":{"self":[{"href":"https:\/\/rnoticias.com.mx\/Portal\/wp-json\/wp\/v2\/posts\/245124","targetHints":{"allow":["GET"]}}],"collection":[{"href":"https:\/\/rnoticias.com.mx\/Portal\/wp-json\/wp\/v2\/posts"}],"about":[{"href":"https:\/\/rnoticias.com.mx\/Portal\/wp-json\/wp\/v2\/types\/post"}],"author":[{"embeddable":true,"href":"https:\/\/rnoticias.com.mx\/Portal\/wp-json\/wp\/v2\/users\/2"}],"replies":[{"embeddable":true,"href":"https:\/\/rnoticias.com.mx\/Portal\/wp-json\/wp\/v2\/comments?post=245124"}],"version-history":[{"count":2,"href":"https:\/\/rnoticias.com.mx\/Portal\/wp-json\/wp\/v2\/posts\/245124\/revisions"}],"predecessor-version":[{"id":245127,"href":"https:\/\/rnoticias.com.mx\/Portal\/wp-json\/wp\/v2\/posts\/245124\/revisions\/245127"}],"wp:featuredmedia":[{"embeddable":true,"href":"https:\/\/rnoticias.com.mx\/Portal\/wp-json\/wp\/v2\/media\/245125"}],"wp:attachment":[{"href":"https:\/\/rnoticias.com.mx\/Portal\/wp-json\/wp\/v2\/media?parent=245124"}],"wp:term":[{"taxonomy":"category","embeddable":true,"href":"https:\/\/rnoticias.com.mx\/Portal\/wp-json\/wp\/v2\/categories?post=245124"},{"taxonomy":"post_tag","embeddable":true,"href":"https:\/\/rnoticias.com.mx\/Portal\/wp-json\/wp\/v2\/tags?post=245124"}],"curies":[{"name":"wp","href":"https:\/\/api.w.org\/{rel}","templated":true}]}}