{"id":245118,"date":"2026-02-12T15:04:59","date_gmt":"2026-02-12T22:04:59","guid":{"rendered":"https:\/\/rnoticias.com.mx\/Portal\/?p=245118"},"modified":"2026-02-12T15:04:59","modified_gmt":"2026-02-12T22:04:59","slug":"comerciantes-hermosillenses-piden-inspecciones-equitativas-tras-incendio-en-sams","status":"publish","type":"post","link":"https:\/\/rnoticias.com.mx\/Portal\/2026\/02\/12\/comerciantes-hermosillenses-piden-inspecciones-equitativas-tras-incendio-en-sams\/","title":{"rendered":"Comerciantes hermosillenses piden inspecciones equitativas tras incendio en Sam\u2019s"},"content":{"rendered":"<p>Hermosillo, Sonora. La Uni\u00f3n de Comerciantes de Hermosillo manifest\u00f3 su preocupaci\u00f3n tras el incendio registrado en la tienda Sam\u2019s Club ubicada en la zona del Vado del R\u00edo, al considerar que este nuevo siniestro evidencia la necesidad de reforzar las acciones preventivas en establecimientos de gran magnitud y alto volumen de almacenamiento.<\/p>\n<p>&nbsp;<\/p>\n<p>Rub\u00e9n L\u00f3pez Peralta, titular de la Uni\u00f3n de Comerciantes del Centro, record\u00f3 a trav\u00e9s de un pronunciamiento, que desde el 1 de noviembre del a\u00f1o pasado, luego del incendio ocurrido en una tienda Waldo\u2019s, se solicit\u00f3 a autoridades municipales y estatales que las inspecciones se realicen con criterios t\u00e9cnicos y de riesgo, priorizando espacios donde la concentraci\u00f3n de personas y mercanc\u00eda representa un mayor peligro.<\/p>\n<p>&nbsp;<\/p>\n<p>\u201cEl organismo ha se\u00f1alado que el comercio local ha enfrentado un incremento de revisiones, sanciones y multas que consideran desproporcionadas, adem\u00e1s de pr\u00e1cticas indebidas previamente reconocidas por autoridades. Ante ello, hacemos un llamado a que la ley se aplique con equidad y sin criterios selectivos, advirtiendo que de persistir estas situaciones se har\u00e1n p\u00fablicos los casos que afecten al comercio local, sector que genera empleo y sustento para miles de familias hermosillenses\u201d, dijo.<\/p>\n<p>&nbsp;<\/p>\n<p>Asimismo, expres\u00f3 su reconocimiento al Cuerpo de Bomberos y a Protecci\u00f3n Civil por la atenci\u00f3n brindada en la emergencia m\u00e1s reciente, confiando en que no haya v\u00edctimas que lamentar y subrayando que ninguna actividad econ\u00f3mica puede estar por encima de la vida humana.<\/p>\n<p>&nbsp;<\/p>\n<p>&nbsp;<\/p>\n","protected":false},"excerpt":{"rendered":"<p>Hermosillo, Sonora. La Uni\u00f3n de Comerciantes de Hermosillo manifest\u00f3 su preocupaci\u00f3n tras el incendio registrado en la tienda Sam\u2019s Club ubicada en la zona del Vado del R\u00edo, al considerar que este nuevo siniestro evidencia la necesidad de reforzar las acciones preventivas en establecimientos de gran magnitud y alto volumen de almacenamiento. &nbsp; Rub\u00e9n L\u00f3pez [&hellip;]<\/p>\n","protected":false},"author":2,"featured_media":245119,"comment_status":"closed","ping_status":"closed","sticky":false,"template":"","format":"standard","meta":{"footnotes":""},"categories":[12870,178],"tags":[12865,12869],"class_list":["post-245118","post","type-post","status-publish","format-standard","has-post-thumbnail","hentry","category-destacadas","category-local","tag-destacadas","tag-local"],"jetpack_featured_media_url":"https:\/\/rnoticias.com.mx\/Portal\/wp-content\/uploads\/2026\/02\/WhatsApp-Image-2026-02-12-at-8.12.04-AM.jpeg","amp_enabled":true,"_links":{"self":[{"href":"https:\/\/rnoticias.com.mx\/Portal\/wp-json\/wp\/v2\/posts\/245118","targetHints":{"allow":["GET"]}}],"collection":[{"href":"https:\/\/rnoticias.com.mx\/Portal\/wp-json\/wp\/v2\/posts"}],"about":[{"href":"https:\/\/rnoticias.com.mx\/Portal\/wp-json\/wp\/v2\/types\/post"}],"author":[{"embeddable":true,"href":"https:\/\/rnoticias.com.mx\/Portal\/wp-json\/wp\/v2\/users\/2"}],"replies":[{"embeddable":true,"href":"https:\/\/rnoticias.com.mx\/Portal\/wp-json\/wp\/v2\/comments?post=245118"}],"version-history":[{"count":1,"href":"https:\/\/rnoticias.com.mx\/Portal\/wp-json\/wp\/v2\/posts\/245118\/revisions"}],"predecessor-version":[{"id":245120,"href":"https:\/\/rnoticias.com.mx\/Portal\/wp-json\/wp\/v2\/posts\/245118\/revisions\/245120"}],"wp:featuredmedia":[{"embeddable":true,"href":"https:\/\/rnoticias.com.mx\/Portal\/wp-json\/wp\/v2\/media\/245119"}],"wp:attachment":[{"href":"https:\/\/rnoticias.com.mx\/Portal\/wp-json\/wp\/v2\/media?parent=245118"}],"wp:term":[{"taxonomy":"category","embeddable":true,"href":"https:\/\/rnoticias.com.mx\/Portal\/wp-json\/wp\/v2\/categories?post=245118"},{"taxonomy":"post_tag","embeddable":true,"href":"https:\/\/rnoticias.com.mx\/Portal\/wp-json\/wp\/v2\/tags?post=245118"}],"curies":[{"name":"wp","href":"https:\/\/api.w.org\/{rel}","templated":true}]}}