{"id":245089,"date":"2026-02-11T21:44:33","date_gmt":"2026-02-12T04:44:33","guid":{"rendered":"https:\/\/rnoticias.com.mx\/Portal\/?p=245089"},"modified":"2026-02-11T21:44:33","modified_gmt":"2026-02-12T04:44:33","slug":"sin-afectaciones-por-sismo-reportado-en-guaymas","status":"publish","type":"post","link":"https:\/\/rnoticias.com.mx\/Portal\/2026\/02\/11\/sin-afectaciones-por-sismo-reportado-en-guaymas\/","title":{"rendered":"Sin afectaciones por sismo reportado en Guaymas"},"content":{"rendered":"<p>La Coordinaci\u00f3n Estatal de Protecci\u00f3n Civil (CEPC) en Sonora informa que no hay afectaciones ni reportes generados en la entidad por el sismo de magnitud 4.2 reportado esta noche en Guaymas.<\/p>\n<p>El Servicio Sismol\u00f3gico Nacional report\u00f3 esta tarde el movimiento tel\u00farico a 66 kil\u00f3metros al suroeste de Guaymas a una profundidad de 10 kil\u00f3metros.<\/p>\n<p>La situaci\u00f3n est\u00e1 controlada y no hubo reportes de que el sismo fuera sentido por la poblaci\u00f3n.<\/p>\n","protected":false},"excerpt":{"rendered":"<p>La Coordinaci\u00f3n Estatal de Protecci\u00f3n Civil (CEPC) en Sonora informa que no hay afectaciones ni reportes generados en la entidad por el sismo de magnitud 4.2 reportado esta noche en Guaymas. El Servicio Sismol\u00f3gico Nacional report\u00f3 esta tarde el movimiento tel\u00farico a 66 kil\u00f3metros al suroeste de Guaymas a una profundidad de 10 kil\u00f3metros. La [&hellip;]<\/p>\n","protected":false},"author":2,"featured_media":245090,"comment_status":"closed","ping_status":"closed","sticky":false,"template":"","format":"standard","meta":{"footnotes":""},"categories":[12870,174],"tags":[12865,12873],"class_list":["post-245089","post","type-post","status-publish","format-standard","has-post-thumbnail","hentry","category-destacadas","category-estatal","tag-destacadas","tag-estatal"],"jetpack_featured_media_url":"https:\/\/rnoticias.com.mx\/Portal\/wp-content\/uploads\/2026\/02\/903.jpg","amp_enabled":true,"_links":{"self":[{"href":"https:\/\/rnoticias.com.mx\/Portal\/wp-json\/wp\/v2\/posts\/245089","targetHints":{"allow":["GET"]}}],"collection":[{"href":"https:\/\/rnoticias.com.mx\/Portal\/wp-json\/wp\/v2\/posts"}],"about":[{"href":"https:\/\/rnoticias.com.mx\/Portal\/wp-json\/wp\/v2\/types\/post"}],"author":[{"embeddable":true,"href":"https:\/\/rnoticias.com.mx\/Portal\/wp-json\/wp\/v2\/users\/2"}],"replies":[{"embeddable":true,"href":"https:\/\/rnoticias.com.mx\/Portal\/wp-json\/wp\/v2\/comments?post=245089"}],"version-history":[{"count":1,"href":"https:\/\/rnoticias.com.mx\/Portal\/wp-json\/wp\/v2\/posts\/245089\/revisions"}],"predecessor-version":[{"id":245091,"href":"https:\/\/rnoticias.com.mx\/Portal\/wp-json\/wp\/v2\/posts\/245089\/revisions\/245091"}],"wp:featuredmedia":[{"embeddable":true,"href":"https:\/\/rnoticias.com.mx\/Portal\/wp-json\/wp\/v2\/media\/245090"}],"wp:attachment":[{"href":"https:\/\/rnoticias.com.mx\/Portal\/wp-json\/wp\/v2\/media?parent=245089"}],"wp:term":[{"taxonomy":"category","embeddable":true,"href":"https:\/\/rnoticias.com.mx\/Portal\/wp-json\/wp\/v2\/categories?post=245089"},{"taxonomy":"post_tag","embeddable":true,"href":"https:\/\/rnoticias.com.mx\/Portal\/wp-json\/wp\/v2\/tags?post=245089"}],"curies":[{"name":"wp","href":"https:\/\/api.w.org\/{rel}","templated":true}]}}