{"id":245045,"date":"2026-02-11T20:16:58","date_gmt":"2026-02-12T03:16:58","guid":{"rendered":"https:\/\/rnoticias.com.mx\/Portal\/?p=245045"},"modified":"2026-02-11T20:16:58","modified_gmt":"2026-02-12T03:16:58","slug":"destaca-diputada-ely-sallard-avances-historicos-en-vivienda-durante-el-dia-nacional-de-la-vivienda","status":"publish","type":"post","link":"https:\/\/rnoticias.com.mx\/Portal\/2026\/02\/11\/destaca-diputada-ely-sallard-avances-historicos-en-vivienda-durante-el-dia-nacional-de-la-vivienda\/","title":{"rendered":"Destaca diputada Ely Sallard avances hist\u00f3ricos en vivienda durante el D\u00eda Nacional de la Vivienda"},"content":{"rendered":"<p>Hermosillo, Sonora; 101 de febrero de 2026. \u2013 En el marco de la conmemoraci\u00f3n del D\u00eda Nacional de la Vivienda, la diputada Ely Sallard Hern\u00e1ndez present\u00f3 un posicionamiento en el que subray\u00f3 que la vivienda no es un privilegio, sino un derecho humano fundamental, pilar del bienestar, la seguridad y la estabilidad de las familias mexicanas.<\/p>\n<p>Desde tribuna, la legisladora se\u00f1al\u00f3 que esta fecha no s\u00f3lo invita a recordar lo establecido en la Constituci\u00f3n, sino a reflexionar sobre las acciones concretas que los gobiernos est\u00e1n implementando para garantizar el acceso a una vivienda digna, con enfoque de justicia social, desarrollo urbano ordenado e igualdad de oportunidades.<\/p>\n<p>En su intervenci\u00f3n, destac\u00f3 que Sonora vive un momento hist\u00f3rico en materia de vivienda, gracias a una pol\u00edtica p\u00fablica con visi\u00f3n social impulsada por el gobernador Alfonso Durazo, en coordinaci\u00f3n con el Gobierno de M\u00e9xico encabezado por la presidenta Claudia Sheinbaum Pardo.<\/p>\n<p>La diputada inform\u00f3 que el estado avanza de manera firme en el Programa Nacional de Vivienda, con una primera etapa de 37 mil viviendas en construcci\u00f3n y una meta total de 60 mil hogares para Sonora, de los cuales al menos 20 mil estar\u00e1n concluidos en 2027.<\/p>\n<p>Sallard Hern\u00e1ndez enfatiz\u00f3 que este programa dej\u00f3 de ser un discurso aspiracional para convertirse en una pol\u00edtica p\u00fablica concreta, estructurada y con resultados visibles, enfocada principalmente en las familias que menos tienen. Subray\u00f3 que Sonora fue la primera entidad del pa\u00eds en garantizar tierra disponible para la construcci\u00f3n de vivienda, lo que permite reducir de manera significativa el costo final de los hogares.<\/p>\n<p>Explic\u00f3 que este modelo elimina el costo del terreno, lo que hace posible ofrecer viviendas a precios accesibles tanto para derechohabientes del Instituto del Fondo Nacional de la Vivienda para los Trabajadores (Infonavit) como para personas que no cuentan con prestaciones laborales.<\/p>\n<p>Adem\u00e1s del impacto social, la diputada destac\u00f3 el impacto econ\u00f3mico del programa, al generar empleo, derrama econ\u00f3mica y movimiento en alrededor de 70 ramas de la econom\u00eda, beneficiando a las comunidades donde se desarrollan los proyectos.<\/p>\n<p>\u201cEn Sonora no se improvisa en materia de vivienda; aqu\u00ed hay planeaci\u00f3n, coordinaci\u00f3n institucional y hay resultados. Refrendamos el compromiso de seguir legislando, acompa\u00f1ando y fortaleciendo pol\u00edticas p\u00fablicas que aseguren que el derecho a una vivienda digna sea una realidad para todas y todos\u201d, concluy\u00f3.<\/p>\n","protected":false},"excerpt":{"rendered":"<p>Hermosillo, Sonora; 101 de febrero de 2026. \u2013 En el marco de la conmemoraci\u00f3n del D\u00eda Nacional de la Vivienda, la diputada Ely Sallard Hern\u00e1ndez present\u00f3 un posicionamiento en el que subray\u00f3 que la vivienda no es un privilegio, sino un derecho humano fundamental, pilar del bienestar, la seguridad y la estabilidad de las familias [&hellip;]<\/p>\n","protected":false},"author":2,"featured_media":245046,"comment_status":"closed","ping_status":"closed","sticky":false,"template":"","format":"standard","meta":{"footnotes":""},"categories":[12870,12868],"tags":[12865,12879],"class_list":["post-245045","post","type-post","status-publish","format-standard","has-post-thumbnail","hentry","category-destacadas","category-politica","tag-destacadas","tag-politica"],"jetpack_featured_media_url":"https:\/\/rnoticias.com.mx\/Portal\/wp-content\/uploads\/2026\/02\/434.jpg","amp_enabled":true,"_links":{"self":[{"href":"https:\/\/rnoticias.com.mx\/Portal\/wp-json\/wp\/v2\/posts\/245045","targetHints":{"allow":["GET"]}}],"collection":[{"href":"https:\/\/rnoticias.com.mx\/Portal\/wp-json\/wp\/v2\/posts"}],"about":[{"href":"https:\/\/rnoticias.com.mx\/Portal\/wp-json\/wp\/v2\/types\/post"}],"author":[{"embeddable":true,"href":"https:\/\/rnoticias.com.mx\/Portal\/wp-json\/wp\/v2\/users\/2"}],"replies":[{"embeddable":true,"href":"https:\/\/rnoticias.com.mx\/Portal\/wp-json\/wp\/v2\/comments?post=245045"}],"version-history":[{"count":1,"href":"https:\/\/rnoticias.com.mx\/Portal\/wp-json\/wp\/v2\/posts\/245045\/revisions"}],"predecessor-version":[{"id":245047,"href":"https:\/\/rnoticias.com.mx\/Portal\/wp-json\/wp\/v2\/posts\/245045\/revisions\/245047"}],"wp:featuredmedia":[{"embeddable":true,"href":"https:\/\/rnoticias.com.mx\/Portal\/wp-json\/wp\/v2\/media\/245046"}],"wp:attachment":[{"href":"https:\/\/rnoticias.com.mx\/Portal\/wp-json\/wp\/v2\/media?parent=245045"}],"wp:term":[{"taxonomy":"category","embeddable":true,"href":"https:\/\/rnoticias.com.mx\/Portal\/wp-json\/wp\/v2\/categories?post=245045"},{"taxonomy":"post_tag","embeddable":true,"href":"https:\/\/rnoticias.com.mx\/Portal\/wp-json\/wp\/v2\/tags?post=245045"}],"curies":[{"name":"wp","href":"https:\/\/api.w.org\/{rel}","templated":true}]}}