{"id":245006,"date":"2026-02-11T19:08:37","date_gmt":"2026-02-12T02:08:37","guid":{"rendered":"https:\/\/rnoticias.com.mx\/Portal\/?p=245006"},"modified":"2026-02-11T19:08:37","modified_gmt":"2026-02-12T02:08:37","slug":"preven-mayor-ritmo-de-ensamblaje-en-planta-ford-de-hermosillo-para-2026","status":"publish","type":"post","link":"https:\/\/rnoticias.com.mx\/Portal\/2026\/02\/11\/preven-mayor-ritmo-de-ensamblaje-en-planta-ford-de-hermosillo-para-2026\/","title":{"rendered":"Prev\u00e9n mayor ritmo de ensamblaje en planta Ford de Hermosillo para 2026"},"content":{"rendered":"<p>Hermosillo, Sonora. La planta de Ford ubicada en Hermosillo podr\u00eda registrar un aumento significativo en su volumen de producci\u00f3n durante 2026, con la meta de rebasar las m\u00e1s de 360 mil unidades que actualmente se ensamblan de manera anual.<\/p>\n<p>&nbsp;<\/p>\n<p>El presidente del Cl\u00faster Automotriz de Sonora, Juan Carlos Campoy Ramos, dio a conocer que la entidad mantiene condiciones favorables para el desarrollo industrial, como estabilidad laboral, certidumbre para la inversi\u00f3n y un ecosistema automotriz que contin\u00faa fortaleci\u00e9ndose.<\/p>\n<p>&nbsp;<\/p>\n<p>\u201cModelos como Bronco y Maverick mantienen una demanda s\u00f3lida en el mercado internacional, particularmente en Estados Unidos. Y no podemos olvidar que el sector automotriz representa uno de los principales motores econ\u00f3micos del estado, al generar m\u00e1s de 100 mil empleos directos e indirectos, adem\u00e1s de impulsar la llegada de nuevas inversiones vinculadas a esta industria\u201d, indic\u00f3.<\/p>\n<p>&nbsp;<\/p>\n<p>Explic\u00f3 que el Cl\u00faster Automotriz trabaja bajo un esquema de colaboraci\u00f3n entre la iniciativa privada, el sector acad\u00e9mico y el gobierno, en coordinaci\u00f3n estrecha con la Secretar\u00eda de Econom\u00eda y el Gobierno del Estado, con el objetivo de fortalecer la competitividad del sector.<\/p>\n<p>&nbsp;<\/p>\n<p>Finalmente, se\u00f1al\u00f3 que, pese al contexto pol\u00edtico y econ\u00f3mico global, la calidad de los veh\u00edculos producidos en Hermosillo ha permitido que las ventas contin\u00faen al alza.<\/p>\n<p>&nbsp;<\/p>\n","protected":false},"excerpt":{"rendered":"<p>Hermosillo, Sonora. La planta de Ford ubicada en Hermosillo podr\u00eda registrar un aumento significativo en su volumen de producci\u00f3n durante 2026, con la meta de rebasar las m\u00e1s de 360 mil unidades que actualmente se ensamblan de manera anual. &nbsp; El presidente del Cl\u00faster Automotriz de Sonora, Juan Carlos Campoy Ramos, dio a conocer que [&hellip;]<\/p>\n","protected":false},"author":2,"featured_media":245007,"comment_status":"closed","ping_status":"closed","sticky":false,"template":"","format":"standard","meta":{"footnotes":""},"categories":[12870,178],"tags":[12865,12869],"class_list":["post-245006","post","type-post","status-publish","format-standard","has-post-thumbnail","hentry","category-destacadas","category-local","tag-destacadas","tag-local"],"jetpack_featured_media_url":"https:\/\/rnoticias.com.mx\/Portal\/wp-content\/uploads\/2026\/02\/ford-incrementa-inversion-a-29000-mdd-para-la-creacion-de-vehiculos-electricos-5684.jpg","amp_enabled":true,"_links":{"self":[{"href":"https:\/\/rnoticias.com.mx\/Portal\/wp-json\/wp\/v2\/posts\/245006","targetHints":{"allow":["GET"]}}],"collection":[{"href":"https:\/\/rnoticias.com.mx\/Portal\/wp-json\/wp\/v2\/posts"}],"about":[{"href":"https:\/\/rnoticias.com.mx\/Portal\/wp-json\/wp\/v2\/types\/post"}],"author":[{"embeddable":true,"href":"https:\/\/rnoticias.com.mx\/Portal\/wp-json\/wp\/v2\/users\/2"}],"replies":[{"embeddable":true,"href":"https:\/\/rnoticias.com.mx\/Portal\/wp-json\/wp\/v2\/comments?post=245006"}],"version-history":[{"count":1,"href":"https:\/\/rnoticias.com.mx\/Portal\/wp-json\/wp\/v2\/posts\/245006\/revisions"}],"predecessor-version":[{"id":245008,"href":"https:\/\/rnoticias.com.mx\/Portal\/wp-json\/wp\/v2\/posts\/245006\/revisions\/245008"}],"wp:featuredmedia":[{"embeddable":true,"href":"https:\/\/rnoticias.com.mx\/Portal\/wp-json\/wp\/v2\/media\/245007"}],"wp:attachment":[{"href":"https:\/\/rnoticias.com.mx\/Portal\/wp-json\/wp\/v2\/media?parent=245006"}],"wp:term":[{"taxonomy":"category","embeddable":true,"href":"https:\/\/rnoticias.com.mx\/Portal\/wp-json\/wp\/v2\/categories?post=245006"},{"taxonomy":"post_tag","embeddable":true,"href":"https:\/\/rnoticias.com.mx\/Portal\/wp-json\/wp\/v2\/tags?post=245006"}],"curies":[{"name":"wp","href":"https:\/\/api.w.org\/{rel}","templated":true}]}}