{"id":245003,"date":"2026-02-11T19:07:01","date_gmt":"2026-02-12T02:07:01","guid":{"rendered":"https:\/\/rnoticias.com.mx\/Portal\/?p=245003"},"modified":"2026-02-11T19:07:01","modified_gmt":"2026-02-12T02:07:01","slug":"familias-cajemenses-ven-un-sueno-cumplido-con-entrega-de-viviendas-del-bienestar-de-presidenta-sheinbaum-y-gobernador-durazo","status":"publish","type":"post","link":"https:\/\/rnoticias.com.mx\/Portal\/2026\/02\/11\/familias-cajemenses-ven-un-sueno-cumplido-con-entrega-de-viviendas-del-bienestar-de-presidenta-sheinbaum-y-gobernador-durazo\/","title":{"rendered":"Familias cajemenses ven un sue\u00f1o cumplido con entrega de viviendas del Bienestar de Presidenta Sheinbaum y Gobernador Durazo"},"content":{"rendered":"<p>Cajeme, Sonora; 11 de febrero de 2026.- Para la se\u00f1ora Maura Uriarte Beltr\u00e1n de Ciudad Obreg\u00f3n, resultaba imposible seguir pagando una renta o siquiera pensar en comprar una casa, pero grata fue su sorpresa al enterarse de que, a tan solo un a\u00f1o de haber iniciado la construcci\u00f3n de las casas del Programa de Vivienda para el Bienestar, ella ser\u00eda una de las primeras en recibir las llaves que abren las puertas de su patrimonio.<\/p>\n<p>Al tomar posesi\u00f3n de su cara, Maura sinti\u00f3 la palabra de la presidenta Claudia Sheinbaum Pardo y del gobernador Alfonso Durazo cumplida, ya que en pocos meses de haber arrancado el proyecto ya es una realidad que antes solo se so\u00f1aba.<\/p>\n<p>\u201cCuando llego y nos dicen, pues que, ya que las casas, \u00bfqu\u00e9?, \u00bftan pronto? Pues miren lo que es una persona con responsabilidad y que sabe cumplir su palabra. Porque ella, a pesar de ser una presidenta, ella que es mujer, aprendi\u00f3 mucho del anterior. Le dej\u00f3 una buena escuela, un buen ejemplo de ser cumplida, verla a ella con la gente que menos tenemos porque hay veces que la renta, pues ya ve que est\u00e1 muy alta y ella dijo no. Aqu\u00ed est\u00e1 el terreno, hay que hacer la casa, cuando se dijo eso, yo no lo cre\u00eda, dije yo, pues va a pasar unos dos o tres a\u00f1os y la sorpresa que fue en menos de un a\u00f1o, \u00bfverdad?, Lo que se cumpli\u00f3 gracias a nuestro presidente y a nuestro gobernador, que ellos estuvieron ah\u00ed y quienes lo apoyaron junto con las personas que anduvieron casa por casa, \u00bfverdad?\u201d, mencion\u00f3.<\/p>\n<p>Vilma Daniela P\u00e9rez Galaviz, mencion\u00f3 que encontrar una casa dejar\u00e1 de ser una preocupaci\u00f3n, y podr\u00e1 enfocarse ahora en su trabajo y mejorar la econom\u00eda de su hogar.<\/p>\n<p>\u201cEstoy muy contenta de recibir mi propia casa, ya va a ser un patrimonio para mis hijos, pero principalmente van a tener un espacio ellos, seguro, voy a tener la oportunidad de trabajar m\u00e1s tranquila, y no de tener miedo que de repente no voy a tener para la renta y mis hijos se puedan quedar sin un techo seguro. Est\u00e1n muy bonitas las casas, y la verdad yo no me imaginaba que en tan corto tiempo nos fueran a entregar las viviendas, fue una sorpresa porque fue bien r\u00e1pido todo, y fue bien accesible, la documentaci\u00f3n no es para que digan que es mucho papeleo o no vamos a poder est\u00e1 accesible, y muy bonitas, muy amplias, no es como se comentaban en muchos medios de que iban a estar muy chiquitas, que nos iban a dar cochinero, no es cierto\u201d, se\u00f1al\u00f3.<\/p>\n<p>Milagros Gabriela Morales Parra dijo que las casas son c\u00f3modas y de buen espacio, donde podr\u00e1n garantizar un hogar y un patrimonio para ella y los suyos, por lo cual agradeci\u00f3 al gobernador Alfonso Durazo Monta\u00f1o y a la presidenta Claudia Sheinbaum Pardo.<\/p>\n<p>\u201cEstoy muy contenta, muy agradecida con todo esto. La verdad las casas est\u00e1n bastante bien. La felicidad m\u00e1s que nada, porque algo que no esper\u00e1bamos pues emoci\u00f3n m\u00e1s que nada, muy agradecida sobre todo\u201d, indic\u00f3.<\/p>\n<p>La se\u00f1ora Isidra Meneses L\u00f3pez dijo que ya no tendr\u00e1 que destinar recursos de su econom\u00eda a pagar la renta de una casa, al tener la seguridad de una propiedad.<\/p>\n<p>\u201cMe siento muy feliz, ya vine a verla ayer, est\u00e1n muy bonitas las casas, le doy muchas gracias a todo el comit\u00e9, a la presidenta, al gobernador, a todo el equipo, con mucho gusto porque estoy muy alegre de recibir mi casita, porque no ten\u00eda casa\u201d, destac\u00f3.<\/p>\n<p>Guadalupe Burrola Mart\u00ednez agradeci\u00f3 el poder adquirir una vivienda a un precio accesible, ya que anteriormente viv\u00eda en casa de un familiar, pero ahora contar\u00e1 con un espacio propio.<\/p>\n<p>\u201cMuy contenta, muy emocionada, agradecida con Dios, con la presidenta Claudia, y con todas las personas que ayudaron a que se hiciera este proyecto\u201d, se\u00f1al\u00f3.<\/p>\n<p>Cinthia Estefan\u00eda Cabrera Soto y su familia son originarios de Pueblo Yaqui, ya que a partir de este d\u00eda se cumple el sue\u00f1o de los suyos de contar con una casa propia.<\/p>\n<p>\u201cDarles las gracias porque pues por ayudarnos a tener un hogar propio, a \u00e9l y a la presidenta pues muchas gracias, a nombre m\u00edo y de mi familia, tanto de mi hija como de mi esposo, es un sue\u00f1o hecho realidad\u201d, destac\u00f3.<\/p>\n","protected":false},"excerpt":{"rendered":"<p>Cajeme, Sonora; 11 de febrero de 2026.- Para la se\u00f1ora Maura Uriarte Beltr\u00e1n de Ciudad Obreg\u00f3n, resultaba imposible seguir pagando una renta o siquiera pensar en comprar una casa, pero grata fue su sorpresa al enterarse de que, a tan solo un a\u00f1o de haber iniciado la construcci\u00f3n de las casas del Programa de Vivienda [&hellip;]<\/p>\n","protected":false},"author":2,"featured_media":245004,"comment_status":"closed","ping_status":"closed","sticky":false,"template":"","format":"standard","meta":{"footnotes":""},"categories":[12870,174],"tags":[12865,12873],"class_list":["post-245003","post","type-post","status-publish","format-standard","has-post-thumbnail","hentry","category-destacadas","category-estatal","tag-destacadas","tag-estatal"],"jetpack_featured_media_url":"https:\/\/rnoticias.com.mx\/Portal\/wp-content\/uploads\/2026\/02\/0232.jpg","amp_enabled":true,"_links":{"self":[{"href":"https:\/\/rnoticias.com.mx\/Portal\/wp-json\/wp\/v2\/posts\/245003","targetHints":{"allow":["GET"]}}],"collection":[{"href":"https:\/\/rnoticias.com.mx\/Portal\/wp-json\/wp\/v2\/posts"}],"about":[{"href":"https:\/\/rnoticias.com.mx\/Portal\/wp-json\/wp\/v2\/types\/post"}],"author":[{"embeddable":true,"href":"https:\/\/rnoticias.com.mx\/Portal\/wp-json\/wp\/v2\/users\/2"}],"replies":[{"embeddable":true,"href":"https:\/\/rnoticias.com.mx\/Portal\/wp-json\/wp\/v2\/comments?post=245003"}],"version-history":[{"count":1,"href":"https:\/\/rnoticias.com.mx\/Portal\/wp-json\/wp\/v2\/posts\/245003\/revisions"}],"predecessor-version":[{"id":245005,"href":"https:\/\/rnoticias.com.mx\/Portal\/wp-json\/wp\/v2\/posts\/245003\/revisions\/245005"}],"wp:featuredmedia":[{"embeddable":true,"href":"https:\/\/rnoticias.com.mx\/Portal\/wp-json\/wp\/v2\/media\/245004"}],"wp:attachment":[{"href":"https:\/\/rnoticias.com.mx\/Portal\/wp-json\/wp\/v2\/media?parent=245003"}],"wp:term":[{"taxonomy":"category","embeddable":true,"href":"https:\/\/rnoticias.com.mx\/Portal\/wp-json\/wp\/v2\/categories?post=245003"},{"taxonomy":"post_tag","embeddable":true,"href":"https:\/\/rnoticias.com.mx\/Portal\/wp-json\/wp\/v2\/tags?post=245003"}],"curies":[{"name":"wp","href":"https:\/\/api.w.org\/{rel}","templated":true}]}}