{"id":245000,"date":"2026-02-11T18:57:12","date_gmt":"2026-02-12T01:57:12","guid":{"rendered":"https:\/\/rnoticias.com.mx\/Portal\/?p=245000"},"modified":"2026-02-11T18:57:12","modified_gmt":"2026-02-12T01:57:12","slug":"nuevo-frente-frio-comenzara-a-sentirse-en-sonora-a-partir-de-este-jueves-conagua","status":"publish","type":"post","link":"https:\/\/rnoticias.com.mx\/Portal\/2026\/02\/11\/nuevo-frente-frio-comenzara-a-sentirse-en-sonora-a-partir-de-este-jueves-conagua\/","title":{"rendered":"Nuevo frente fr\u00edo comenzar\u00e1 a sentirse en Sonora a partir de este jueves: Conagua"},"content":{"rendered":"<p>Hermosillo, Sonora. A partir de este jueves se comenzar\u00e1n a sentir en Sonora los efectos de un nuevo frente fr\u00edo, inform\u00f3 el especialista t\u00e9cnico de la Comisi\u00f3n Nacional del Agua (Conagua), Gilberto Lagarda V\u00e1zquez.<\/p>\n<p>&nbsp;<\/p>\n<p>El funcionario, detall\u00f3 que este sistema que ser\u00e1 el 34, provocar\u00e1 cambios importantes en las condiciones meteorol\u00f3gicas del estado durante los pr\u00f3ximos d\u00edas.<\/p>\n<p>&nbsp;<\/p>\n<p>\u201cEl pron\u00f3stico del Servicio Meteorol\u00f3gico Nacional nos indica que a partir de este jueves se va a empezar a acercar un frente fr\u00edo al Estado, es posible que ya el jueves estemos con cielos m\u00e1s nublados y el viernes ya est\u00e9 intentando atravesar al Estado de Sonora\u201d, asegur\u00f3.<\/p>\n<p>&nbsp;<\/p>\n<p>Lagarda V\u00e1zquez explic\u00f3 que este sistema frontal traer\u00e1 consigo un aumento en la nubosidad, as\u00ed como la posibilidad de lluvias ligeras a moderadas, principalmente durante el viernes.<\/p>\n<p>&nbsp;<\/p>\n<p>Adem\u00e1s, se espera un descenso en las temperaturas y la presencia de vientos de moderados a fuertes a partir del jueves y durante el fin de semana en diversas regiones del estado.<\/p>\n","protected":false},"excerpt":{"rendered":"<p>Hermosillo, Sonora. A partir de este jueves se comenzar\u00e1n a sentir en Sonora los efectos de un nuevo frente fr\u00edo, inform\u00f3 el especialista t\u00e9cnico de la Comisi\u00f3n Nacional del Agua (Conagua), Gilberto Lagarda V\u00e1zquez. &nbsp; El funcionario, detall\u00f3 que este sistema que ser\u00e1 el 34, provocar\u00e1 cambios importantes en las condiciones meteorol\u00f3gicas del estado durante [&hellip;]<\/p>\n","protected":false},"author":2,"featured_media":245001,"comment_status":"closed","ping_status":"closed","sticky":false,"template":"","format":"standard","meta":{"footnotes":""},"categories":[12870,178],"tags":[12865,12869],"class_list":["post-245000","post","type-post","status-publish","format-standard","has-post-thumbnail","hentry","category-destacadas","category-local","tag-destacadas","tag-local"],"jetpack_featured_media_url":"https:\/\/rnoticias.com.mx\/Portal\/wp-content\/uploads\/2026\/02\/FRENTECC20EN20SONORA.webp","amp_enabled":true,"_links":{"self":[{"href":"https:\/\/rnoticias.com.mx\/Portal\/wp-json\/wp\/v2\/posts\/245000","targetHints":{"allow":["GET"]}}],"collection":[{"href":"https:\/\/rnoticias.com.mx\/Portal\/wp-json\/wp\/v2\/posts"}],"about":[{"href":"https:\/\/rnoticias.com.mx\/Portal\/wp-json\/wp\/v2\/types\/post"}],"author":[{"embeddable":true,"href":"https:\/\/rnoticias.com.mx\/Portal\/wp-json\/wp\/v2\/users\/2"}],"replies":[{"embeddable":true,"href":"https:\/\/rnoticias.com.mx\/Portal\/wp-json\/wp\/v2\/comments?post=245000"}],"version-history":[{"count":1,"href":"https:\/\/rnoticias.com.mx\/Portal\/wp-json\/wp\/v2\/posts\/245000\/revisions"}],"predecessor-version":[{"id":245002,"href":"https:\/\/rnoticias.com.mx\/Portal\/wp-json\/wp\/v2\/posts\/245000\/revisions\/245002"}],"wp:featuredmedia":[{"embeddable":true,"href":"https:\/\/rnoticias.com.mx\/Portal\/wp-json\/wp\/v2\/media\/245001"}],"wp:attachment":[{"href":"https:\/\/rnoticias.com.mx\/Portal\/wp-json\/wp\/v2\/media?parent=245000"}],"wp:term":[{"taxonomy":"category","embeddable":true,"href":"https:\/\/rnoticias.com.mx\/Portal\/wp-json\/wp\/v2\/categories?post=245000"},{"taxonomy":"post_tag","embeddable":true,"href":"https:\/\/rnoticias.com.mx\/Portal\/wp-json\/wp\/v2\/tags?post=245000"}],"curies":[{"name":"wp","href":"https:\/\/api.w.org\/{rel}","templated":true}]}}