{"id":244979,"date":"2026-02-11T18:35:45","date_gmt":"2026-02-12T01:35:45","guid":{"rendered":"https:\/\/rnoticias.com.mx\/Portal\/?p=244979"},"modified":"2026-02-11T18:35:45","modified_gmt":"2026-02-12T01:35:45","slug":"se-consolida-el-consejo-privado-de-desarrollo-economico-en-sonora","status":"publish","type":"post","link":"https:\/\/rnoticias.com.mx\/Portal\/2026\/02\/11\/se-consolida-el-consejo-privado-de-desarrollo-economico-en-sonora\/","title":{"rendered":"Se consolida el Consejo Privado de Desarrollo Econ\u00f3mico en Sonora"},"content":{"rendered":"<p dir=\"ltr\"><span data-olk-copy-source=\"MessageBody\">Con la presencia de 33 presidentes de organismos empresariales, 9 directores y rectores de Instituciones de Educaci\u00f3n Superior, as\u00ed como representantes de los tres niveles de gobierno, y 35 miembros de Sonora Global llev\u00f3 a cabo la tercera sesi\u00f3n del Consejo Privado de Desarrollo Econ\u00f3mico, un espacio de articulaci\u00f3n estrat\u00e9gica enfocado en alinear una agenda com\u00fan y una estrategia compartida para atraer inversiones a la entidad desde la iniciativa privada.<\/span><\/p>\n<p dir=\"ltr\">Bajo el liderazgo de Arturo Fern\u00e1ndez D\u00edaz Gonz\u00e1lez, presidente de Sonora Global, el Consejo cumple una funci\u00f3n estrat\u00e9gica y orientadora: alinear criterios y prioridades para impulsar la promoci\u00f3n econ\u00f3mica del estado, definir los sectores y proyectos de inversi\u00f3n, identificar polos de desarrollo y fortalecer el posicionamiento de la entidad ante inversionistas y aliados nacionales e internacionales.<\/p>\n<p dir=\"ltr\">Durante la sesi\u00f3n, Arturo Fern\u00e1ndez subray\u00f3 que Sonora atraviesa una ventana hist\u00f3rica de oportunidad que exige coordinaci\u00f3n y alineaci\u00f3n para traducirse en resultados. Si bien el estado cuenta con atributos competitivos \u2014vocaci\u00f3n productiva, relaci\u00f3n binacional, recursos estrat\u00e9gicos y experiencia empresarial\u2014, enfatiz\u00f3 que estos factores, por s\u00ed solos, no garantizan el desarrollo si no se trabaja de manera articulada.<\/p>\n<p dir=\"ltr\">Como parte de los trabajos, se han conformado comit\u00e9s estrat\u00e9gicos, entre ellos el Comit\u00e9 de Narrativa y el Comit\u00e9 de Identidad, responsables de definir una agenda com\u00fan, los pilares competitivos y las industrias prioritarias, as\u00ed como de construir una narrativa econ\u00f3mica compartida que sirva de base para la promoci\u00f3n de Sonora.<\/p>\n<p dir=\"ltr\">En este marco, se presentaron los cuatro pilares competitivos que sustentan la estrategia de desarrollo econ\u00f3mico del estado: Energ\u00eda estable; Plataforma log\u00edstica; Talento t\u00e9cnico y experiencia productiva consolidada y Materiales cr\u00edticos y fortalecimiento de la cadena de valor.<\/p>\n<p dir=\"ltr\">Los asistentes coincidieron en que la sesi\u00f3n marc\u00f3 un cambio de fondo, al transitar de ejercicios de intenci\u00f3n a un trabajo con objetivos claros y ejecuci\u00f3n en marcha. Flor Mada\u00ed Rasc\u00f3n, presidenta del Consejo Coordinador de Mujeres Empresarias en Hermosillo, destac\u00f3 que la convergencia entre el sector educativo, los tres niveles de gobierno y la iniciativa privada genera confianza y certidumbre, y permite avanzar en una misma direcci\u00f3n, dejando atr\u00e1s din\u00e1micas aisladas.<\/p>\n<p dir=\"ltr\">Desde una perspectiva operativa, Roberto Montaud\u00f3n Soto, expresidente de AMPI Hermosillo, resalt\u00f3 la importancia de que las autoridades escuchen directamente las necesidades del sector productivo, particularmente en materia regulatoria, y de que las universidades conozcan de primera mano las demandas del entorno econ\u00f3mico. En el mismo sentido, Juan Carlos Campoy Ramos, presidente del Cl\u00faster Automotriz de Sonora, reconoci\u00f3 que el trabajo impulsado por Sonora Global ya se traduce en productos concretos, como una narrativa y una marca construidas desde la iniciativa privada, con participaci\u00f3n activa de los sectores involucrados.<\/p>\n<p dir=\"ltr\">En materia de seguimiento y resultados, Juan Pedro Loustaunau Molina, representante estatal de Nacional Financiera y Bancomext en Sonora, enfatiz\u00f3 la necesidad de fortalecer la interlocuci\u00f3n con las autoridades para incidir en mejores condiciones para la inversi\u00f3n, especialmente en un contexto marcado por el\u00a0nearshoring. Finalmente, Javier Villegas Orpinela, presidente del Colegio de Economistas, subray\u00f3 que el reto central es sostener la coordinaci\u00f3n en el tiempo, con argumentos s\u00f3lidos, reglas claras y resultados medibles que se traduzcan en impacto real.<\/p>\n<h3 dir=\"ltr\">Proyecci\u00f3n internacional<\/h3>\n<p dir=\"ltr\">La sesi\u00f3n incluy\u00f3 un conversatorio de alto nivel con la participaci\u00f3n de Alma Aguilar, presidenta de la\u00a0Florida Mexican American Chamber of Commerce, y Lorena Villanueva, directora general de\u00a0Global Electronics Association M\u00e9xico. Sus intervenciones destacaron la articulaci\u00f3n binacional, la atracci\u00f3n de inversiones de alto valor agregado y el fortalecimiento de capacidades locales para posicionar a Sonora como un actor competitivo y confiable en el entorno global.<\/p>\n","protected":false},"excerpt":{"rendered":"<p>Con la presencia de 33 presidentes de organismos empresariales, 9 directores y rectores de Instituciones de Educaci\u00f3n Superior, as\u00ed como representantes de los tres niveles de gobierno, y 35 miembros de Sonora Global llev\u00f3 a cabo la tercera sesi\u00f3n del Consejo Privado de Desarrollo Econ\u00f3mico, un espacio de articulaci\u00f3n estrat\u00e9gica enfocado en alinear una agenda [&hellip;]<\/p>\n","protected":false},"author":2,"featured_media":244980,"comment_status":"closed","ping_status":"closed","sticky":false,"template":"","format":"standard","meta":{"footnotes":""},"categories":[12870,178],"tags":[12865,12869],"class_list":["post-244979","post","type-post","status-publish","format-standard","has-post-thumbnail","hentry","category-destacadas","category-local","tag-destacadas","tag-local"],"jetpack_featured_media_url":"https:\/\/rnoticias.com.mx\/Portal\/wp-content\/uploads\/2026\/02\/Sesion-Sonora-Global-3.jpg-scaled.jpg","amp_enabled":true,"_links":{"self":[{"href":"https:\/\/rnoticias.com.mx\/Portal\/wp-json\/wp\/v2\/posts\/244979","targetHints":{"allow":["GET"]}}],"collection":[{"href":"https:\/\/rnoticias.com.mx\/Portal\/wp-json\/wp\/v2\/posts"}],"about":[{"href":"https:\/\/rnoticias.com.mx\/Portal\/wp-json\/wp\/v2\/types\/post"}],"author":[{"embeddable":true,"href":"https:\/\/rnoticias.com.mx\/Portal\/wp-json\/wp\/v2\/users\/2"}],"replies":[{"embeddable":true,"href":"https:\/\/rnoticias.com.mx\/Portal\/wp-json\/wp\/v2\/comments?post=244979"}],"version-history":[{"count":1,"href":"https:\/\/rnoticias.com.mx\/Portal\/wp-json\/wp\/v2\/posts\/244979\/revisions"}],"predecessor-version":[{"id":244981,"href":"https:\/\/rnoticias.com.mx\/Portal\/wp-json\/wp\/v2\/posts\/244979\/revisions\/244981"}],"wp:featuredmedia":[{"embeddable":true,"href":"https:\/\/rnoticias.com.mx\/Portal\/wp-json\/wp\/v2\/media\/244980"}],"wp:attachment":[{"href":"https:\/\/rnoticias.com.mx\/Portal\/wp-json\/wp\/v2\/media?parent=244979"}],"wp:term":[{"taxonomy":"category","embeddable":true,"href":"https:\/\/rnoticias.com.mx\/Portal\/wp-json\/wp\/v2\/categories?post=244979"},{"taxonomy":"post_tag","embeddable":true,"href":"https:\/\/rnoticias.com.mx\/Portal\/wp-json\/wp\/v2\/tags?post=244979"}],"curies":[{"name":"wp","href":"https:\/\/api.w.org\/{rel}","templated":true}]}}