{"id":244973,"date":"2026-02-11T18:31:27","date_gmt":"2026-02-12T01:31:27","guid":{"rendered":"https:\/\/rnoticias.com.mx\/Portal\/?p=244973"},"modified":"2026-02-11T18:31:27","modified_gmt":"2026-02-12T01:31:27","slug":"vinculado-a-proceso-imputado-por-feminicidio-en-grado-de-tentativa-en-imuris-fgjes","status":"publish","type":"post","link":"https:\/\/rnoticias.com.mx\/Portal\/2026\/02\/11\/vinculado-a-proceso-imputado-por-feminicidio-en-grado-de-tentativa-en-imuris-fgjes\/","title":{"rendered":"Vinculado a proceso imputado por feminicidio en grado de tentativa en \u00cdmuris: FGJES"},"content":{"rendered":"<p>\u00cdmuris, Sonora, 11 de febrero de 2026.- La Fiscal\u00eda General de Justicia del Estado de Sonora (FGJES) formul\u00f3 imputaci\u00f3n y obtuvo de un Juez la vinculaci\u00f3n a proceso de Jorge Luis \u201cN\u201d, por su probable responsabilidad en el delito de feminicidio en grado de tentativa, imponi\u00e9ndose la medida cautelar de prisi\u00f3n preventiva justificada, en \u00cdmuris.<\/p>\n<p>La investigaci\u00f3n ministerial, con perspectiva de g\u00e9nero, determin\u00f3 que el pasado 6 de febrero, alrededor de las 14:10 horas, en un domicilio ubicado en la colonia El Sahuaral, el imputado se encontraba con la v\u00edctima, con quien manten\u00eda una relaci\u00f3n sentimental de noviazgo.<\/p>\n<p>Las indagatorias establecen que, tras una discusi\u00f3n, y existiendo amenazas previas y antecedentes de violencia, el sujeto intent\u00f3 privar de la vida a la v\u00edctima, amenaz\u00e1ndola de muerte, roci\u00e1ndole un l\u00edquido inflamable en la ropa y en la parte frontal del cuerpo, para posteriormente prenderle fuego a sus prendas de vestir.<\/p>\n<p>Como consecuencia de la agresi\u00f3n, la v\u00edctima present\u00f3 lesiones por quemaduras de primer y segundo grado, las cuales tardan m\u00e1s de 15 d\u00edas en sanar. La investigaci\u00f3n acredita que se exteriorizaron actos de ejecuci\u00f3n id\u00f3neos y directos encaminados a privarla de la vida, sin que el resultado se consumara por la reacci\u00f3n inmediata de la v\u00edctima, quien logr\u00f3 desprenderse de las ropas en llamas, sofocar el fuego, pedir auxilio y recibir atenci\u00f3n m\u00e9dica oportuna.<\/p>\n<p>La Fiscal\u00eda General de Justicia del Estado de Sonora refrenda su compromiso con la investigaci\u00f3n de los delitos cometidos contra las mujeres con perspectiva de g\u00e9nero, la protecci\u00f3n de las v\u00edctimas y la aplicaci\u00f3n firme de la ley, para garantizar el acceso a la justicia y una vida libre de violencia.<\/p>\n","protected":false},"excerpt":{"rendered":"<p>\u00cdmuris, Sonora, 11 de febrero de 2026.- La Fiscal\u00eda General de Justicia del Estado de Sonora (FGJES) formul\u00f3 imputaci\u00f3n y obtuvo de un Juez la vinculaci\u00f3n a proceso de Jorge Luis \u201cN\u201d, por su probable responsabilidad en el delito de feminicidio en grado de tentativa, imponi\u00e9ndose la medida cautelar de prisi\u00f3n preventiva justificada, en \u00cdmuris. [&hellip;]<\/p>\n","protected":false},"author":2,"featured_media":244974,"comment_status":"closed","ping_status":"closed","sticky":false,"template":"","format":"standard","meta":{"footnotes":""},"categories":[12870,174],"tags":[12865,12873],"class_list":["post-244973","post","type-post","status-publish","format-standard","has-post-thumbnail","hentry","category-destacadas","category-estatal","tag-destacadas","tag-estatal"],"jetpack_featured_media_url":"https:\/\/rnoticias.com.mx\/Portal\/wp-content\/uploads\/2026\/02\/77-2.jpg","amp_enabled":true,"_links":{"self":[{"href":"https:\/\/rnoticias.com.mx\/Portal\/wp-json\/wp\/v2\/posts\/244973","targetHints":{"allow":["GET"]}}],"collection":[{"href":"https:\/\/rnoticias.com.mx\/Portal\/wp-json\/wp\/v2\/posts"}],"about":[{"href":"https:\/\/rnoticias.com.mx\/Portal\/wp-json\/wp\/v2\/types\/post"}],"author":[{"embeddable":true,"href":"https:\/\/rnoticias.com.mx\/Portal\/wp-json\/wp\/v2\/users\/2"}],"replies":[{"embeddable":true,"href":"https:\/\/rnoticias.com.mx\/Portal\/wp-json\/wp\/v2\/comments?post=244973"}],"version-history":[{"count":1,"href":"https:\/\/rnoticias.com.mx\/Portal\/wp-json\/wp\/v2\/posts\/244973\/revisions"}],"predecessor-version":[{"id":244975,"href":"https:\/\/rnoticias.com.mx\/Portal\/wp-json\/wp\/v2\/posts\/244973\/revisions\/244975"}],"wp:featuredmedia":[{"embeddable":true,"href":"https:\/\/rnoticias.com.mx\/Portal\/wp-json\/wp\/v2\/media\/244974"}],"wp:attachment":[{"href":"https:\/\/rnoticias.com.mx\/Portal\/wp-json\/wp\/v2\/media?parent=244973"}],"wp:term":[{"taxonomy":"category","embeddable":true,"href":"https:\/\/rnoticias.com.mx\/Portal\/wp-json\/wp\/v2\/categories?post=244973"},{"taxonomy":"post_tag","embeddable":true,"href":"https:\/\/rnoticias.com.mx\/Portal\/wp-json\/wp\/v2\/tags?post=244973"}],"curies":[{"name":"wp","href":"https:\/\/api.w.org\/{rel}","templated":true}]}}