{"id":244967,"date":"2026-02-11T18:27:44","date_gmt":"2026-02-12T01:27:44","guid":{"rendered":"https:\/\/rnoticias.com.mx\/Portal\/?p=244967"},"modified":"2026-02-11T18:27:44","modified_gmt":"2026-02-12T01:27:44","slug":"fgjes-obtiene-nueva-vinculacion-a-proceso-contra-hezel-fabian-n-por-delito-de-indole-sexual-en-el-sur-de-sonora","status":"publish","type":"post","link":"https:\/\/rnoticias.com.mx\/Portal\/2026\/02\/11\/fgjes-obtiene-nueva-vinculacion-a-proceso-contra-hezel-fabian-n-por-delito-de-indole-sexual-en-el-sur-de-sonora\/","title":{"rendered":"FGJES obtiene nueva vinculaci\u00f3n a proceso contra Hezel Fabi\u00e1n \u201cN\u201d por delito de \u00edndole sexual en el sur de Sonora"},"content":{"rendered":"<p>Huatabampo, Sonora, 11 de febrero de 2026.- La Fiscal\u00eda General de Justicia del Estado de Sonora (FGJES) informa que obtuvo una nueva vinculaci\u00f3n a proceso en contra de Hezel Fabi\u00e1n \u201cN\u201d, tras la ejecuci\u00f3n de una orden de aprehensi\u00f3n por su probable responsabilidad en el delito de exhibiciones p\u00fablicas obscenas, cometido en el municipio de Huatabampo.<\/p>\n<p>De acuerdo con los datos de investigaci\u00f3n, los hechos ocurrieron el 3 de febrero de 2025, alrededor de las 19:00 horas, cuando la v\u00edctima, de 55 a\u00f1os de edad, se encontraba en la v\u00eda p\u00fablica, en la colonia Centro, lugar donde el imputado realiz\u00f3 actos de exhibici\u00f3n sexual desde el interior de un veh\u00edculo, a la vista de personas que transitaban por la zona, conducta que fue denunciada ante la autoridad ministerial y dio origen a la correspondiente carpeta de investigaci\u00f3n.<\/p>\n<p>Durante la audiencia inicial, el Ministerio P\u00fablico formul\u00f3 imputaci\u00f3n y obtuvo del Juez de Control el auto de vinculaci\u00f3n a proceso, as\u00ed como la medida cautelar de prisi\u00f3n preventiva justificada, atendiendo a la naturaleza del delito, el riesgo procesal y los antecedentes del imputado.<\/p>\n<p>Con esta resoluci\u00f3n, el imputado acumula ya tres procesos por delitos de \u00edndole sexual, derivados de denuncias presentadas por distintas mujeres en los municipios de Navojoa y Huatabampo, relacionadas con hechos de abuso sexual y exhibicionismo, lo que permite advertir una posible conducta reiterada y fortalece las investigaciones en curso.<\/p>\n<p>La Fiscal\u00eda General de Justicia del Estado de Sonora reitera su compromiso de investigar y sancionar los delitos que atentan contra la integridad y libertad sexual de las mujeres, actuando con perspectiva de g\u00e9nero y respeto a los derechos humanos, y exhorta a cualquier otra posible v\u00edctima a acudir ante la autoridad, garantizando confidencialidad, atenci\u00f3n especializada y seguimiento puntual.<\/p>\n","protected":false},"excerpt":{"rendered":"<p>Huatabampo, Sonora, 11 de febrero de 2026.- La Fiscal\u00eda General de Justicia del Estado de Sonora (FGJES) informa que obtuvo una nueva vinculaci\u00f3n a proceso en contra de Hezel Fabi\u00e1n \u201cN\u201d, tras la ejecuci\u00f3n de una orden de aprehensi\u00f3n por su probable responsabilidad en el delito de exhibiciones p\u00fablicas obscenas, cometido en el municipio de [&hellip;]<\/p>\n","protected":false},"author":2,"featured_media":244968,"comment_status":"closed","ping_status":"closed","sticky":false,"template":"","format":"standard","meta":{"footnotes":""},"categories":[12870,174],"tags":[12865,12873],"class_list":["post-244967","post","type-post","status-publish","format-standard","has-post-thumbnail","hentry","category-destacadas","category-estatal","tag-destacadas","tag-estatal"],"jetpack_featured_media_url":"https:\/\/rnoticias.com.mx\/Portal\/wp-content\/uploads\/2026\/02\/403.jpg","amp_enabled":true,"_links":{"self":[{"href":"https:\/\/rnoticias.com.mx\/Portal\/wp-json\/wp\/v2\/posts\/244967","targetHints":{"allow":["GET"]}}],"collection":[{"href":"https:\/\/rnoticias.com.mx\/Portal\/wp-json\/wp\/v2\/posts"}],"about":[{"href":"https:\/\/rnoticias.com.mx\/Portal\/wp-json\/wp\/v2\/types\/post"}],"author":[{"embeddable":true,"href":"https:\/\/rnoticias.com.mx\/Portal\/wp-json\/wp\/v2\/users\/2"}],"replies":[{"embeddable":true,"href":"https:\/\/rnoticias.com.mx\/Portal\/wp-json\/wp\/v2\/comments?post=244967"}],"version-history":[{"count":1,"href":"https:\/\/rnoticias.com.mx\/Portal\/wp-json\/wp\/v2\/posts\/244967\/revisions"}],"predecessor-version":[{"id":244969,"href":"https:\/\/rnoticias.com.mx\/Portal\/wp-json\/wp\/v2\/posts\/244967\/revisions\/244969"}],"wp:featuredmedia":[{"embeddable":true,"href":"https:\/\/rnoticias.com.mx\/Portal\/wp-json\/wp\/v2\/media\/244968"}],"wp:attachment":[{"href":"https:\/\/rnoticias.com.mx\/Portal\/wp-json\/wp\/v2\/media?parent=244967"}],"wp:term":[{"taxonomy":"category","embeddable":true,"href":"https:\/\/rnoticias.com.mx\/Portal\/wp-json\/wp\/v2\/categories?post=244967"},{"taxonomy":"post_tag","embeddable":true,"href":"https:\/\/rnoticias.com.mx\/Portal\/wp-json\/wp\/v2\/tags?post=244967"}],"curies":[{"name":"wp","href":"https:\/\/api.w.org\/{rel}","templated":true}]}}