{"id":244964,"date":"2026-02-11T18:26:31","date_gmt":"2026-02-12T01:26:31","guid":{"rendered":"https:\/\/rnoticias.com.mx\/Portal\/?p=244964"},"modified":"2026-02-11T18:26:31","modified_gmt":"2026-02-12T01:26:31","slug":"fgjes-logra-20-anos-de-prision-contra-sujeto-por-violacion-equiparada-en-nogales","status":"publish","type":"post","link":"https:\/\/rnoticias.com.mx\/Portal\/2026\/02\/11\/fgjes-logra-20-anos-de-prision-contra-sujeto-por-violacion-equiparada-en-nogales\/","title":{"rendered":"FGJES logra 20 a\u00f1os de prisi\u00f3n contra sujeto por violaci\u00f3n equiparada en Nogales"},"content":{"rendered":"<p>Nogales, Sonora, 11 de febrero de 2026.- La Fiscal\u00eda General de Justicia del Estado de Sonora (FGJES) obtuvo una sentencia condenatoria de 20 a\u00f1os de prisi\u00f3n en contra de Francisco Javier \u201cN\u201d, por su responsabilidad penal en el delito de violaci\u00f3n equiparada agravada, cometido en perjuicio de una menor de edad, cuya identidad se mantiene reservada, en el municipio de Nogales, Sonora.<\/p>\n<p>La Fiscal\u00eda inform\u00f3 que la resoluci\u00f3n fue dictada durante la audiencia de debate celebrada el 9 de febrero, en la que el Juez analiz\u00f3 y valor\u00f3 los datos de prueba presentados por el Ministerio P\u00fablico, determinando la plena acreditaci\u00f3n del delito y la responsabilidad del hoy sentenciado.<\/p>\n<p>De acuerdo con la carpeta de investigaci\u00f3n, los hechos ocurrieron en un domicilio ubicado en la calle Fedonia, en la colonia Lomas de Anza, donde el imputado emple\u00f3 violencia f\u00edsica en contra de la v\u00edctima, agravando la conducta delictiva por tratarse de una persona menor de edad.<\/p>\n<p>La FGJES destac\u00f3 que este resultado es producto del trabajo t\u00e9cnico-jur\u00eddico realizado por el personal ministerial, pericial y de investigaci\u00f3n, as\u00ed como de la aplicaci\u00f3n de una perspectiva de protecci\u00f3n integral a la ni\u00f1ez durante todas las etapas del proceso penal.<\/p>\n<p>La Fiscal\u00eda General de Justicia del Estado de Sonora reiter\u00f3 su compromiso de combatir con firmeza los delitos sexuales, garantizar el acceso a la justicia para las v\u00edctimas y salvaguardar los derechos humanos y la seguridad jur\u00eddica de ni\u00f1as, ni\u00f1os y adolescentes en la entidad.<\/p>\n","protected":false},"excerpt":{"rendered":"<p>Nogales, Sonora, 11 de febrero de 2026.- La Fiscal\u00eda General de Justicia del Estado de Sonora (FGJES) obtuvo una sentencia condenatoria de 20 a\u00f1os de prisi\u00f3n en contra de Francisco Javier \u201cN\u201d, por su responsabilidad penal en el delito de violaci\u00f3n equiparada agravada, cometido en perjuicio de una menor de edad, cuya identidad se mantiene [&hellip;]<\/p>\n","protected":false},"author":2,"featured_media":244965,"comment_status":"closed","ping_status":"closed","sticky":false,"template":"","format":"standard","meta":{"footnotes":""},"categories":[12870,174],"tags":[12865,12873],"class_list":["post-244964","post","type-post","status-publish","format-standard","has-post-thumbnail","hentry","category-destacadas","category-estatal","tag-destacadas","tag-estatal"],"jetpack_featured_media_url":"https:\/\/rnoticias.com.mx\/Portal\/wp-content\/uploads\/2026\/02\/19.jpg","amp_enabled":true,"_links":{"self":[{"href":"https:\/\/rnoticias.com.mx\/Portal\/wp-json\/wp\/v2\/posts\/244964","targetHints":{"allow":["GET"]}}],"collection":[{"href":"https:\/\/rnoticias.com.mx\/Portal\/wp-json\/wp\/v2\/posts"}],"about":[{"href":"https:\/\/rnoticias.com.mx\/Portal\/wp-json\/wp\/v2\/types\/post"}],"author":[{"embeddable":true,"href":"https:\/\/rnoticias.com.mx\/Portal\/wp-json\/wp\/v2\/users\/2"}],"replies":[{"embeddable":true,"href":"https:\/\/rnoticias.com.mx\/Portal\/wp-json\/wp\/v2\/comments?post=244964"}],"version-history":[{"count":1,"href":"https:\/\/rnoticias.com.mx\/Portal\/wp-json\/wp\/v2\/posts\/244964\/revisions"}],"predecessor-version":[{"id":244966,"href":"https:\/\/rnoticias.com.mx\/Portal\/wp-json\/wp\/v2\/posts\/244964\/revisions\/244966"}],"wp:featuredmedia":[{"embeddable":true,"href":"https:\/\/rnoticias.com.mx\/Portal\/wp-json\/wp\/v2\/media\/244965"}],"wp:attachment":[{"href":"https:\/\/rnoticias.com.mx\/Portal\/wp-json\/wp\/v2\/media?parent=244964"}],"wp:term":[{"taxonomy":"category","embeddable":true,"href":"https:\/\/rnoticias.com.mx\/Portal\/wp-json\/wp\/v2\/categories?post=244964"},{"taxonomy":"post_tag","embeddable":true,"href":"https:\/\/rnoticias.com.mx\/Portal\/wp-json\/wp\/v2\/tags?post=244964"}],"curies":[{"name":"wp","href":"https:\/\/api.w.org\/{rel}","templated":true}]}}